{"id":924,"date":"2020-10-12T08:43:13","date_gmt":"2020-10-12T06:43:13","guid":{"rendered":"https:\/\/www.eglise-senartdraveil.fr\/?p=924"},"modified":"2020-10-12T11:06:50","modified_gmt":"2020-10-12T09:06:50","slug":"aco-action-catholique-ouvriere","status":"publish","type":"post","link":"https:\/\/www.eglise-senartdraveil.fr\/index.php\/vivre-sa-foi\/mouvements-et-groupes\/aco-action-catholique-ouvriere\/","title":{"rendered":"ACO (Action Catholique Ouvri\u00e8re)"},"content":{"rendered":"\n<div class=\"wp-block-image\"><figure class=\"aligncenter size-large is-resized\"><img loading=\"lazy\" decoding=\"async\" src=\"https:\/\/www.eglise-senartdraveil.fr\/wp-content\/uploads\/2020\/10\/image_2020-10-12_110243-1024x174.png\" alt=\"\" class=\"wp-image-942\" width=\"687\" height=\"116\" srcset=\"https:\/\/www.eglise-senartdraveil.fr\/wp-content\/uploads\/2020\/10\/image_2020-10-12_110243-1024x174.png 1024w, https:\/\/www.eglise-senartdraveil.fr\/wp-content\/uploads\/2020\/10\/image_2020-10-12_110243-300x51.png 300w, https:\/\/www.eglise-senartdraveil.fr\/wp-content\/uploads\/2020\/10\/image_2020-10-12_110243-768x131.png 768w, https:\/\/www.eglise-senartdraveil.fr\/wp-content\/uploads\/2020\/10\/image_2020-10-12_110243-1536x261.png 1536w, https:\/\/www.eglise-senartdraveil.fr\/wp-content\/uploads\/2020\/10\/image_2020-10-12_110243-2048x349.png 2048w\" sizes=\"auto, (max-width: 687px) 100vw, 687px\" \/><\/figure><\/div>\n\n\n\n<p>L\u2019Action Catholique Ouvri\u00e8re est un mouvement d\u2019\u00c9glise sous la responsabilit\u00e9 de la\u00efcs et une association Loi 1901. Cr\u00e9e en 1960, elle fonde sa mission sur celle du Christ et de toute l\u2019\u00c9glise&nbsp;; accueillir et annoncer la Bonne Nouvelle du Royaume de Dieu. Ses membres vivent une double fid\u00e9lit\u00e9 \u00e0 Dieu et au monde ouvrier.<\/p>\n\n\n\n<p><strong>Au coeur du monde ouvrier<\/strong><\/p>\n\n\n\n<p>Le monde ouvrier exprime ses cris, ses espoirs en paroles et en actes.&nbsp;<br>Chacun a beaucoup \u00e0 dire sur sa vie de quartier, de travail&nbsp;ou de famille. Tous ont besoin de l\u2019action pour r\u00e9sister aux d\u00e9gradations&nbsp;des conditions de vie, de travail.<br>Les membres de l\u2019ACO s\u2019associent \u00e0 celles et ceux qui b\u00e2tissent la fraternit\u00e9 dans le monde ouvrier.&nbsp;Chacun peut s\u2019engager pour la justice et&nbsp;tisser des liens de solidarit\u00e9.&nbsp;<\/p>\n\n\n\n<p><strong>En \u00e9quipe pour relire la vie<\/strong><\/p>\n\n\n\n<p>Notre vie passionne l\u2019ACO. En Equipe nous la partageons.<br>Elle est aussi le lieu de l\u2019accueil de&nbsp;la Parole de Dieu.&nbsp;J\u00e9sus-Christ nous montre un Dieu qui vient \u00e0 notre rencontre.&nbsp;Il nous&nbsp;invite \u00e0 nous serrer les coudes pour entrer \u00e0 sa suite dans le Royaume de&nbsp;justice, de paix et d\u2019amour. Il cultive en nous un go\u00fbt de renaissance.&nbsp;Ensemble nous osons l\u2019Esp\u00e9rance. Nous sommes provoqu\u00e9s \u00e0 agir.<\/p>\n\n\n\n<p><strong>Une priorit\u00e9<\/strong><\/p>\n\n\n\n<p>Les travailleurs en situations de fragilit\u00e9, de pr\u00e9carit\u00e9 sont de plus en plus&nbsp;<br>nombreux. Lorsque nous les \u00e9coutons, leurs paroles r\u00e9v\u00e8lent les&nbsp;<br>conditions, et aussi les causes de ce qu\u2019ils vivent&nbsp;; elles pr\u00e9sentent les&nbsp;<br>solidarit\u00e9s d\u00e9j\u00e0 v\u00e9cues et celles qui sont n\u00e9cessaires. Elles portent leurs&nbsp;<br>espoirs.&nbsp;<br>Ils priorisent les travailleurs en situations de fragilit\u00e9, de pr\u00e9carit\u00e9 pour grandir&nbsp;avec eux.<\/p>\n\n\n\n<div class=\"wp-block-image\"><figure class=\"aligncenter size-large is-resized\"><img loading=\"lazy\" decoding=\"async\" src=\"https:\/\/www.eglise-senartdraveil.fr\/wp-content\/uploads\/2020\/10\/image_2020-10-12_110633.png\" alt=\"\" class=\"wp-image-946\" width=\"356\" height=\"239\" srcset=\"https:\/\/www.eglise-senartdraveil.fr\/wp-content\/uploads\/2020\/10\/image_2020-10-12_110633.png 507w, https:\/\/www.eglise-senartdraveil.fr\/wp-content\/uploads\/2020\/10\/image_2020-10-12_110633-300x201.png 300w\" sizes=\"auto, (max-width: 356px) 100vw, 356px\" \/><\/figure><\/div>\n\n\n\n<p><strong>L\u2019organisation de l\u2019ACO&nbsp;<\/strong><\/p>\n\n\n\n<p>L\u2019Action Catholique compte aujourd\u2019hui pr\u00e8s de&nbsp;<strong>7 200 membres<\/strong>&nbsp;qui se r\u00e9unissent localement (\u00e9quipe de r\u00e9vision de vie) pour partager leur vie de travail, de quartier, de famille en la mettant en perspective avec les textes de la Bible, afin&nbsp;:<br><img loading=\"lazy\" decoding=\"async\" width=\"8\" height=\"11\" src=\"https:\/\/acofrance.fr\/local\/cache-vignettes\/L8xH11\/mapuce_orange_t-ac78f.gif?1574960009\" alt=\"-\">&nbsp;de prendre du recul,<br><img loading=\"lazy\" decoding=\"async\" width=\"8\" height=\"11\" src=\"https:\/\/acofrance.fr\/local\/cache-vignettes\/L8xH11\/mapuce_orange_t-ac78f.gif?1574960009\" alt=\"-\">&nbsp;de discerner, de nourrir leur foi<br><img loading=\"lazy\" decoding=\"async\" width=\"8\" height=\"11\" src=\"https:\/\/acofrance.fr\/local\/cache-vignettes\/L8xH11\/mapuce_orange_t-ac78f.gif?1574960009\" alt=\"-\">&nbsp;d\u2019entrevoir des actes \u00e0 poser pour continuer de d\u00e9velopper la fraternit\u00e9, les liens de solidarit\u00e9, s\u2019engager pour la transformation sociale, pour plus de justice dans la dynamique de l\u2019\u00e9ducation populaire.<br>En g\u00e9n\u00e9ral, une \u00e9quipe compte un responsable, un tr\u00e9sorier, un aum\u00f4nier et parfois un accompagnateur.<\/p>\n\n\n\n<p>Les quelques&nbsp;<strong>1 500 \u00e9quipes de r\u00e9vision de vie<\/strong>, groupes de partage, relais professionnels et autres sont regroup\u00e9es par&nbsp;:<br><img loading=\"lazy\" decoding=\"async\" width=\"8\" height=\"11\" src=\"https:\/\/acofrance.fr\/local\/cache-vignettes\/L8xH11\/mapuce_orange_t-ac78f.gif?1574960009\" alt=\"-\">&nbsp;Comit\u00e9s de secteurs (237 CS),<br><img loading=\"lazy\" decoding=\"async\" width=\"8\" height=\"11\" src=\"https:\/\/acofrance.fr\/local\/cache-vignettes\/L8xH11\/mapuce_orange_t-ac78f.gif?1574960009\" alt=\"-\">&nbsp;Comit\u00e9s dioc\u00e9sains ou d\u00e9partementaux (89 CD)<br><img loading=\"lazy\" decoding=\"async\" width=\"8\" height=\"11\" src=\"https:\/\/acofrance.fr\/local\/cache-vignettes\/L8xH11\/mapuce_orange_t-ac78f.gif?1574960009\" alt=\"-\">&nbsp;Et Comit\u00e9s r\u00e9gionaux (CR 19 r\u00e9gions).&nbsp;<\/p>\n\n\n\n<p>Environ&nbsp;<strong>500 pr\u00eatres<\/strong>&nbsp;sont pr\u00e9sents dans les \u00e9quipes, secteurs, dioc\u00e8ses, r\u00e9gions, ainsi qu\u2019une&nbsp;<strong>centaine de diacres<\/strong>.<br><strong>34 membres sont au Conseil National<\/strong>&nbsp;: les 2 co-pr\u00e9sidents, 26 \u00e9lus issus des r\u00e9gions et les 6 secr\u00e9taires nationaux. Le Conseil&nbsp;national se r\u00e9unit 3 week-ends par an. Il est accompagn\u00e9 par 2 aum\u00f4niers nationaux et 3 aum\u00f4niers associ\u00e9s.<\/p>\n","protected":false},"excerpt":{"rendered":"<p>L\u2019Action Catholique Ouvri\u00e8re est un mouvement d\u2019\u00c9glise sous la responsabilit\u00e9 de la\u00efcs et une association Loi 1901. Cr\u00e9e en 1960,<\/p>\n","protected":false},"author":3,"featured_media":0,"comment_status":"closed","ping_status":"open","sticky":false,"template":"","format":"standard","meta":{"footnotes":""},"categories":[33,5,12],"tags":[],"class_list":["post-924","post","type-post","status-publish","format-standard","hentry","category-mouvements-et-groupes","category-vie-chretienne","category-vivre-sa-foi"],"yoast_head":"<!-- This site is optimized with the Yoast SEO plugin v25.8 - https:\/\/yoast.com\/wordpress\/plugins\/seo\/ -->\n<title>ACO (Action Catholique Ouvri\u00e8re) - Secteur pastoral de Draveil - St-Jean-Paul II<\/title>\n<meta name=\"robots\" content=\"index, follow, max-snippet:-1, max-image-preview:large, max-video-preview:-1\" \/>\n<link rel=\"canonical\" href=\"https:\/\/www.eglise-senartdraveil.fr\/index.php\/vivre-sa-foi\/mouvements-et-groupes\/aco-action-catholique-ouvriere\/\" \/>\n<meta property=\"og:locale\" content=\"fr_FR\" \/>\n<meta property=\"og:type\" content=\"article\" \/>\n<meta property=\"og:title\" content=\"ACO (Action Catholique Ouvri\u00e8re) - Secteur pastoral de Draveil - St-Jean-Paul II\" \/>\n<meta property=\"og:description\" content=\"L\u2019Action Catholique Ouvri\u00e8re est un mouvement d\u2019\u00c9glise sous la responsabilit\u00e9 de la\u00efcs et une association Loi 1901. Cr\u00e9e en 1960,\" \/>\n<meta property=\"og:url\" content=\"https:\/\/www.eglise-senartdraveil.fr\/index.php\/vivre-sa-foi\/mouvements-et-groupes\/aco-action-catholique-ouvriere\/\" \/>\n<meta property=\"og:site_name\" content=\"Secteur pastoral de Draveil - St-Jean-Paul II\" \/>\n<meta property=\"article:published_time\" content=\"2020-10-12T06:43:13+00:00\" \/>\n<meta property=\"article:modified_time\" content=\"2020-10-12T09:06:50+00:00\" \/>\n<meta property=\"og:image\" content=\"https:\/\/www.eglise-senartdraveil.fr\/wp-content\/uploads\/2020\/10\/image_2020-10-12_110243-1024x174.png\" \/>\n<meta name=\"twitter:card\" content=\"summary_large_image\" \/>\n<meta name=\"twitter:label1\" content=\"\u00c9crit par\" \/>\n\t<meta name=\"twitter:data1\" content=\"\" \/>\n\t<meta name=\"twitter:label2\" content=\"Dur\u00e9e de lecture estim\u00e9e\" \/>\n\t<meta name=\"twitter:data2\" content=\"3 minutes\" \/>\n<script type=\"application\/ld+json\" class=\"yoast-schema-graph\">{\"@context\":\"https:\/\/schema.org\",\"@graph\":[{\"@type\":\"WebPage\",\"@id\":\"https:\/\/www.eglise-senartdraveil.fr\/index.php\/vivre-sa-foi\/mouvements-et-groupes\/aco-action-catholique-ouvriere\/\",\"url\":\"https:\/\/www.eglise-senartdraveil.fr\/index.php\/vivre-sa-foi\/mouvements-et-groupes\/aco-action-catholique-ouvriere\/\",\"name\":\"ACO (Action Catholique Ouvri\u00e8re) - Secteur pastoral de Draveil - St-Jean-Paul II\",\"isPartOf\":{\"@id\":\"https:\/\/www.eglise-senartdraveil.fr\/#website\"},\"primaryImageOfPage\":{\"@id\":\"https:\/\/www.eglise-senartdraveil.fr\/index.php\/vivre-sa-foi\/mouvements-et-groupes\/aco-action-catholique-ouvriere\/#primaryimage\"},\"image\":{\"@id\":\"https:\/\/www.eglise-senartdraveil.fr\/index.php\/vivre-sa-foi\/mouvements-et-groupes\/aco-action-catholique-ouvriere\/#primaryimage\"},\"thumbnailUrl\":\"https:\/\/www.eglise-senartdraveil.fr\/wp-content\/uploads\/2020\/10\/image_2020-10-12_110243-1024x174.png\",\"datePublished\":\"2020-10-12T06:43:13+00:00\",\"dateModified\":\"2020-10-12T09:06:50+00:00\",\"author\":{\"@id\":\"\"},\"breadcrumb\":{\"@id\":\"https:\/\/www.eglise-senartdraveil.fr\/index.php\/vivre-sa-foi\/mouvements-et-groupes\/aco-action-catholique-ouvriere\/#breadcrumb\"},\"inLanguage\":\"fr-FR\",\"potentialAction\":[{\"@type\":\"ReadAction\",\"target\":[\"https:\/\/www.eglise-senartdraveil.fr\/index.php\/vivre-sa-foi\/mouvements-et-groupes\/aco-action-catholique-ouvriere\/\"]}]},{\"@type\":\"ImageObject\",\"inLanguage\":\"fr-FR\",\"@id\":\"https:\/\/www.eglise-senartdraveil.fr\/index.php\/vivre-sa-foi\/mouvements-et-groupes\/aco-action-catholique-ouvriere\/#primaryimage\",\"url\":\"https:\/\/www.eglise-senartdraveil.fr\/wp-content\/uploads\/2020\/10\/image_2020-10-12_110243.png\",\"contentUrl\":\"https:\/\/www.eglise-senartdraveil.fr\/wp-content\/uploads\/2020\/10\/image_2020-10-12_110243.png\",\"width\":2838,\"height\":483},{\"@type\":\"BreadcrumbList\",\"@id\":\"https:\/\/www.eglise-senartdraveil.fr\/index.php\/vivre-sa-foi\/mouvements-et-groupes\/aco-action-catholique-ouvriere\/#breadcrumb\",\"itemListElement\":[{\"@type\":\"ListItem\",\"position\":1,\"name\":\"Home\",\"item\":\"https:\/\/www.eglise-senartdraveil.fr\/\"},{\"@type\":\"ListItem\",\"position\":2,\"name\":\"ACO (Action Catholique Ouvri\u00e8re)\"}]},{\"@type\":\"WebSite\",\"@id\":\"https:\/\/www.eglise-senartdraveil.fr\/#website\",\"url\":\"https:\/\/www.eglise-senartdraveil.fr\/\",\"name\":\"Secteur pastoral de Draveil - St-Jean-Paul II\",\"description\":\"\",\"potentialAction\":[{\"@type\":\"SearchAction\",\"target\":{\"@type\":\"EntryPoint\",\"urlTemplate\":\"https:\/\/www.eglise-senartdraveil.fr\/?s={search_term_string}\"},\"query-input\":{\"@type\":\"PropertyValueSpecification\",\"valueRequired\":true,\"valueName\":\"search_term_string\"}}],\"inLanguage\":\"fr-FR\"},{\"@type\":\"Person\",\"@id\":\"\",\"url\":\"https:\/\/www.eglise-senartdraveil.fr\/index.php\/author\/\"}]}<\/script>\n<!-- \/ Yoast SEO plugin. -->","yoast_head_json":{"title":"ACO (Action Catholique Ouvri\u00e8re) - Secteur pastoral de Draveil - St-Jean-Paul II","robots":{"index":"index","follow":"follow","max-snippet":"max-snippet:-1","max-image-preview":"max-image-preview:large","max-video-preview":"max-video-preview:-1"},"canonical":"https:\/\/www.eglise-senartdraveil.fr\/index.php\/vivre-sa-foi\/mouvements-et-groupes\/aco-action-catholique-ouvriere\/","og_locale":"fr_FR","og_type":"article","og_title":"ACO (Action Catholique Ouvri\u00e8re) - Secteur pastoral de Draveil - St-Jean-Paul II","og_description":"L\u2019Action Catholique Ouvri\u00e8re est un mouvement d\u2019\u00c9glise sous la responsabilit\u00e9 de la\u00efcs et une association Loi 1901. Cr\u00e9e en 1960,","og_url":"https:\/\/www.eglise-senartdraveil.fr\/index.php\/vivre-sa-foi\/mouvements-et-groupes\/aco-action-catholique-ouvriere\/","og_site_name":"Secteur pastoral de Draveil - St-Jean-Paul II","article_published_time":"2020-10-12T06:43:13+00:00","article_modified_time":"2020-10-12T09:06:50+00:00","og_image":[{"url":"https:\/\/www.eglise-senartdraveil.fr\/wp-content\/uploads\/2020\/10\/image_2020-10-12_110243-1024x174.png","type":"","width":"","height":""}],"twitter_card":"summary_large_image","twitter_misc":{"\u00c9crit par":"","Dur\u00e9e de lecture estim\u00e9e":"3 minutes"},"schema":{"@context":"https:\/\/schema.org","@graph":[{"@type":"WebPage","@id":"https:\/\/www.eglise-senartdraveil.fr\/index.php\/vivre-sa-foi\/mouvements-et-groupes\/aco-action-catholique-ouvriere\/","url":"https:\/\/www.eglise-senartdraveil.fr\/index.php\/vivre-sa-foi\/mouvements-et-groupes\/aco-action-catholique-ouvriere\/","name":"ACO (Action Catholique Ouvri\u00e8re) - Secteur pastoral de Draveil - St-Jean-Paul II","isPartOf":{"@id":"https:\/\/www.eglise-senartdraveil.fr\/#website"},"primaryImageOfPage":{"@id":"https:\/\/www.eglise-senartdraveil.fr\/index.php\/vivre-sa-foi\/mouvements-et-groupes\/aco-action-catholique-ouvriere\/#primaryimage"},"image":{"@id":"https:\/\/www.eglise-senartdraveil.fr\/index.php\/vivre-sa-foi\/mouvements-et-groupes\/aco-action-catholique-ouvriere\/#primaryimage"},"thumbnailUrl":"https:\/\/www.eglise-senartdraveil.fr\/wp-content\/uploads\/2020\/10\/image_2020-10-12_110243-1024x174.png","datePublished":"2020-10-12T06:43:13+00:00","dateModified":"2020-10-12T09:06:50+00:00","author":{"@id":""},"breadcrumb":{"@id":"https:\/\/www.eglise-senartdraveil.fr\/index.php\/vivre-sa-foi\/mouvements-et-groupes\/aco-action-catholique-ouvriere\/#breadcrumb"},"inLanguage":"fr-FR","potentialAction":[{"@type":"ReadAction","target":["https:\/\/www.eglise-senartdraveil.fr\/index.php\/vivre-sa-foi\/mouvements-et-groupes\/aco-action-catholique-ouvriere\/"]}]},{"@type":"ImageObject","inLanguage":"fr-FR","@id":"https:\/\/www.eglise-senartdraveil.fr\/index.php\/vivre-sa-foi\/mouvements-et-groupes\/aco-action-catholique-ouvriere\/#primaryimage","url":"https:\/\/www.eglise-senartdraveil.fr\/wp-content\/uploads\/2020\/10\/image_2020-10-12_110243.png","contentUrl":"https:\/\/www.eglise-senartdraveil.fr\/wp-content\/uploads\/2020\/10\/image_2020-10-12_110243.png","width":2838,"height":483},{"@type":"BreadcrumbList","@id":"https:\/\/www.eglise-senartdraveil.fr\/index.php\/vivre-sa-foi\/mouvements-et-groupes\/aco-action-catholique-ouvriere\/#breadcrumb","itemListElement":[{"@type":"ListItem","position":1,"name":"Home","item":"https:\/\/www.eglise-senartdraveil.fr\/"},{"@type":"ListItem","position":2,"name":"ACO (Action Catholique Ouvri\u00e8re)"}]},{"@type":"WebSite","@id":"https:\/\/www.eglise-senartdraveil.fr\/#website","url":"https:\/\/www.eglise-senartdraveil.fr\/","name":"Secteur pastoral de Draveil - St-Jean-Paul II","description":"","potentialAction":[{"@type":"SearchAction","target":{"@type":"EntryPoint","urlTemplate":"https:\/\/www.eglise-senartdraveil.fr\/?s={search_term_string}"},"query-input":{"@type":"PropertyValueSpecification","valueRequired":true,"valueName":"search_term_string"}}],"inLanguage":"fr-FR"},{"@type":"Person","@id":"","url":"https:\/\/www.eglise-senartdraveil.fr\/index.php\/author\/"}]}},"views":2532,"_links":{"self":[{"href":"https:\/\/www.eglise-senartdraveil.fr\/index.php\/wp-json\/wp\/v2\/posts\/924","targetHints":{"allow":["GET"]}}],"collection":[{"href":"https:\/\/www.eglise-senartdraveil.fr\/index.php\/wp-json\/wp\/v2\/posts"}],"about":[{"href":"https:\/\/www.eglise-senartdraveil.fr\/index.php\/wp-json\/wp\/v2\/types\/post"}],"author":[{"embeddable":true,"href":"https:\/\/www.eglise-senartdraveil.fr\/index.php\/wp-json\/wp\/v2\/users\/3"}],"replies":[{"embeddable":true,"href":"https:\/\/www.eglise-senartdraveil.fr\/index.php\/wp-json\/wp\/v2\/comments?post=924"}],"version-history":[{"count":5,"href":"https:\/\/www.eglise-senartdraveil.fr\/index.php\/wp-json\/wp\/v2\/posts\/924\/revisions"}],"predecessor-version":[{"id":948,"href":"https:\/\/www.eglise-senartdraveil.fr\/index.php\/wp-json\/wp\/v2\/posts\/924\/revisions\/948"}],"wp:attachment":[{"href":"https:\/\/www.eglise-senartdraveil.fr\/index.php\/wp-json\/wp\/v2\/media?parent=924"}],"wp:term":[{"taxonomy":"category","embeddable":true,"href":"https:\/\/www.eglise-senartdraveil.fr\/index.php\/wp-json\/wp\/v2\/categories?post=924"},{"taxonomy":"post_tag","embeddable":true,"href":"https:\/\/www.eglise-senartdraveil.fr\/index.php\/wp-json\/wp\/v2\/tags?post=924"}],"curies":[{"name":"wp","href":"https:\/\/api.w.org\/{rel}","templated":true}]}}