{"id":922,"date":"2020-10-12T08:40:07","date_gmt":"2020-10-12T06:40:07","guid":{"rendered":"https:\/\/www.eglise-senartdraveil.fr\/?p=922"},"modified":"2020-10-12T08:49:40","modified_gmt":"2020-10-12T06:49:40","slug":"aci-action-catholique-independants","status":"publish","type":"post","link":"https:\/\/www.eglise-senartdraveil.fr\/index.php\/vivre-sa-foi\/mouvements-et-groupes\/aci-action-catholique-independants\/","title":{"rendered":"ACI (Action Catholique Ind\u00e9pendants)"},"content":{"rendered":"\n<p><strong>LA VIE D&#8217;\u00c9QUIPE<br><\/strong>Notre mouvement propose, \u00e0 travers des rendez vous r\u00e9guliers tout au long de l&#8217;ann\u00e9e, une recherche en \u00e9quipe pour approfondir le sens de notre vie, personnellement ou avec ceux qui nous entourent.<\/p>\n\n\n\n<figure class=\"wp-block-image\"><img decoding=\"async\" src=\"https:\/\/www.acifrance.com\/notre-demarche\/la-vie-dequipe\/faire-un-bilan-de-fin-dannee-en-equipe\/image_mini\" alt=\"L\u2019attribut alt de cette image est vide, son nom de fichier est image_mini.\"\/><\/figure>\n\n\n\n<p>L\u2019exp\u00e9rience spirituelle v\u00e9cue par l\u2019ACI propose une conversion des personnes et des groupes humains, invitant chacun \u00e0 agir dans les lieux o\u00f9 il vit pour s\u2019ouvrir au \u00ab neuf \u00bb que Dieu nous propose. Accueillir la bienveillance de Dieu, regarder ce que les personnes deviennent \u00e0 travers les \u00e9v\u00e8nements sans avoir d\u00e9j\u00e0 la r\u00e9ponse de ce qui devrait \u00eatre, c\u2019est une mani\u00e8re d\u2019aimer qui d\u00e9centre, qui laisse de la place \u00e0 l\u2019action de l\u2019Esprit.<br>L\u2019ACI nous fait d\u00e9couvrir combien Dieu aime les hommes et le monde, combien son Esprit est pr\u00e9sent, encore aujourd\u2019hui, dans les \u00e9v\u00e9nements quotidiens de la vie des hommes, combien la pr\u00e9sence de Dieu se manifeste dans notre histoire personnelle et celle de l\u2019humanit\u00e9.<\/p>\n\n\n\n<h4 class=\"wp-block-heading\">Une spiritualit\u00e9 pour aujourd\u2019hui<\/h4>\n\n\n\n<p>\u2022 Offerte comme une prise de recul n\u00e9cessaire dans un monde qui bouge vite et comme ressourcement dans un monde qui assoiffe.<\/p>\n\n\n\n<p>\u2022 Lieu du partage de la Parole de Dieu et de l\u2019\u00e9coute du travail de l\u2019Esprit dans la vie de chacun.<\/p>\n\n\n\n<figure class=\"wp-block-image\"><img decoding=\"async\" src=\"https:\/\/www.eglise-senartdraveil.fr\/wp-content\/uploads\/2020\/10\/image_2020-10-11_211657.png\" alt=\"L\u2019attribut alt de cette image est vide, son nom de fichier est image_2020-10-11_211657.png.\"\/><\/figure>\n\n\n\n<p>\u2022 Appel aux hommes chercheurs de sens, aux croyants \u00ab hors les murs \u00bb ou \u00ab au c\u0153ur \u00bb de l\u2019\u00c9glise pour vivre un dialogue et une recherche de communion.<\/p>\n\n\n\n<p>\u2022 Chemin pour devenir disciples du Christ \u00e0 l\u2019image des p\u00e8lerins d\u2019Emma\u00fcs.<\/p>\n\n\n\n<p>Extraits du Projet de l\u2019ACI<\/p>\n","protected":false},"excerpt":{"rendered":"<p>LA VIE D&#8217;\u00c9QUIPENotre mouvement propose, \u00e0 travers des rendez vous r\u00e9guliers tout au long de l&#8217;ann\u00e9e, une recherche en \u00e9quipe<\/p>\n","protected":false},"author":3,"featured_media":0,"comment_status":"closed","ping_status":"open","sticky":false,"template":"","format":"standard","meta":{"footnotes":""},"categories":[33,5,12],"tags":[],"class_list":["post-922","post","type-post","status-publish","format-standard","hentry","category-mouvements-et-groupes","category-vie-chretienne","category-vivre-sa-foi"],"yoast_head":"<!-- This site is optimized with the Yoast SEO plugin v25.8 - https:\/\/yoast.com\/wordpress\/plugins\/seo\/ -->\n<title>ACI (Action Catholique Ind\u00e9pendants) - Secteur pastoral de Draveil - St-Jean-Paul II<\/title>\n<meta name=\"robots\" content=\"index, follow, max-snippet:-1, max-image-preview:large, max-video-preview:-1\" \/>\n<link rel=\"canonical\" href=\"https:\/\/www.eglise-senartdraveil.fr\/index.php\/vivre-sa-foi\/mouvements-et-groupes\/aci-action-catholique-independants\/\" \/>\n<meta property=\"og:locale\" content=\"fr_FR\" \/>\n<meta property=\"og:type\" content=\"article\" \/>\n<meta property=\"og:title\" content=\"ACI (Action Catholique Ind\u00e9pendants) - Secteur pastoral de Draveil - St-Jean-Paul II\" \/>\n<meta property=\"og:description\" content=\"LA VIE D&#8217;\u00c9QUIPENotre mouvement propose, \u00e0 travers des rendez vous r\u00e9guliers tout au long de l&#8217;ann\u00e9e, une recherche en \u00e9quipe\" \/>\n<meta property=\"og:url\" content=\"https:\/\/www.eglise-senartdraveil.fr\/index.php\/vivre-sa-foi\/mouvements-et-groupes\/aci-action-catholique-independants\/\" \/>\n<meta property=\"og:site_name\" content=\"Secteur pastoral de Draveil - St-Jean-Paul II\" \/>\n<meta property=\"article:published_time\" content=\"2020-10-12T06:40:07+00:00\" \/>\n<meta property=\"article:modified_time\" content=\"2020-10-12T06:49:40+00:00\" \/>\n<meta property=\"og:image\" content=\"https:\/\/www.acifrance.com\/notre-demarche\/la-vie-dequipe\/faire-un-bilan-de-fin-dannee-en-equipe\/image_mini\" \/>\n<meta name=\"twitter:card\" content=\"summary_large_image\" \/>\n<meta name=\"twitter:label1\" content=\"\u00c9crit par\" \/>\n\t<meta name=\"twitter:data1\" content=\"\" \/>\n\t<meta name=\"twitter:label2\" content=\"Dur\u00e9e de lecture estim\u00e9e\" \/>\n\t<meta name=\"twitter:data2\" content=\"1 minute\" \/>\n<script type=\"application\/ld+json\" class=\"yoast-schema-graph\">{\"@context\":\"https:\/\/schema.org\",\"@graph\":[{\"@type\":\"WebPage\",\"@id\":\"https:\/\/www.eglise-senartdraveil.fr\/index.php\/vivre-sa-foi\/mouvements-et-groupes\/aci-action-catholique-independants\/\",\"url\":\"https:\/\/www.eglise-senartdraveil.fr\/index.php\/vivre-sa-foi\/mouvements-et-groupes\/aci-action-catholique-independants\/\",\"name\":\"ACI (Action Catholique Ind\u00e9pendants) - Secteur pastoral de Draveil - St-Jean-Paul II\",\"isPartOf\":{\"@id\":\"https:\/\/www.eglise-senartdraveil.fr\/#website\"},\"primaryImageOfPage\":{\"@id\":\"https:\/\/www.eglise-senartdraveil.fr\/index.php\/vivre-sa-foi\/mouvements-et-groupes\/aci-action-catholique-independants\/#primaryimage\"},\"image\":{\"@id\":\"https:\/\/www.eglise-senartdraveil.fr\/index.php\/vivre-sa-foi\/mouvements-et-groupes\/aci-action-catholique-independants\/#primaryimage\"},\"thumbnailUrl\":\"https:\/\/www.acifrance.com\/notre-demarche\/la-vie-dequipe\/faire-un-bilan-de-fin-dannee-en-equipe\/image_mini\",\"datePublished\":\"2020-10-12T06:40:07+00:00\",\"dateModified\":\"2020-10-12T06:49:40+00:00\",\"author\":{\"@id\":\"\"},\"breadcrumb\":{\"@id\":\"https:\/\/www.eglise-senartdraveil.fr\/index.php\/vivre-sa-foi\/mouvements-et-groupes\/aci-action-catholique-independants\/#breadcrumb\"},\"inLanguage\":\"fr-FR\",\"potentialAction\":[{\"@type\":\"ReadAction\",\"target\":[\"https:\/\/www.eglise-senartdraveil.fr\/index.php\/vivre-sa-foi\/mouvements-et-groupes\/aci-action-catholique-independants\/\"]}]},{\"@type\":\"ImageObject\",\"inLanguage\":\"fr-FR\",\"@id\":\"https:\/\/www.eglise-senartdraveil.fr\/index.php\/vivre-sa-foi\/mouvements-et-groupes\/aci-action-catholique-independants\/#primaryimage\",\"url\":\"https:\/\/www.acifrance.com\/notre-demarche\/la-vie-dequipe\/faire-un-bilan-de-fin-dannee-en-equipe\/image_mini\",\"contentUrl\":\"https:\/\/www.acifrance.com\/notre-demarche\/la-vie-dequipe\/faire-un-bilan-de-fin-dannee-en-equipe\/image_mini\"},{\"@type\":\"BreadcrumbList\",\"@id\":\"https:\/\/www.eglise-senartdraveil.fr\/index.php\/vivre-sa-foi\/mouvements-et-groupes\/aci-action-catholique-independants\/#breadcrumb\",\"itemListElement\":[{\"@type\":\"ListItem\",\"position\":1,\"name\":\"Home\",\"item\":\"https:\/\/www.eglise-senartdraveil.fr\/\"},{\"@type\":\"ListItem\",\"position\":2,\"name\":\"ACI (Action Catholique Ind\u00e9pendants)\"}]},{\"@type\":\"WebSite\",\"@id\":\"https:\/\/www.eglise-senartdraveil.fr\/#website\",\"url\":\"https:\/\/www.eglise-senartdraveil.fr\/\",\"name\":\"Secteur pastoral de Draveil - St-Jean-Paul II\",\"description\":\"\",\"potentialAction\":[{\"@type\":\"SearchAction\",\"target\":{\"@type\":\"EntryPoint\",\"urlTemplate\":\"https:\/\/www.eglise-senartdraveil.fr\/?s={search_term_string}\"},\"query-input\":{\"@type\":\"PropertyValueSpecification\",\"valueRequired\":true,\"valueName\":\"search_term_string\"}}],\"inLanguage\":\"fr-FR\"},{\"@type\":\"Person\",\"@id\":\"\",\"url\":\"https:\/\/www.eglise-senartdraveil.fr\/index.php\/author\/\"}]}<\/script>\n<!-- \/ Yoast SEO plugin. -->","yoast_head_json":{"title":"ACI (Action Catholique Ind\u00e9pendants) - Secteur pastoral de Draveil - St-Jean-Paul II","robots":{"index":"index","follow":"follow","max-snippet":"max-snippet:-1","max-image-preview":"max-image-preview:large","max-video-preview":"max-video-preview:-1"},"canonical":"https:\/\/www.eglise-senartdraveil.fr\/index.php\/vivre-sa-foi\/mouvements-et-groupes\/aci-action-catholique-independants\/","og_locale":"fr_FR","og_type":"article","og_title":"ACI (Action Catholique Ind\u00e9pendants) - Secteur pastoral de Draveil - St-Jean-Paul II","og_description":"LA VIE D&#8217;\u00c9QUIPENotre mouvement propose, \u00e0 travers des rendez vous r\u00e9guliers tout au long de l&#8217;ann\u00e9e, une recherche en \u00e9quipe","og_url":"https:\/\/www.eglise-senartdraveil.fr\/index.php\/vivre-sa-foi\/mouvements-et-groupes\/aci-action-catholique-independants\/","og_site_name":"Secteur pastoral de Draveil - St-Jean-Paul II","article_published_time":"2020-10-12T06:40:07+00:00","article_modified_time":"2020-10-12T06:49:40+00:00","og_image":[{"url":"https:\/\/www.acifrance.com\/notre-demarche\/la-vie-dequipe\/faire-un-bilan-de-fin-dannee-en-equipe\/image_mini","type":"","width":"","height":""}],"twitter_card":"summary_large_image","twitter_misc":{"\u00c9crit par":"","Dur\u00e9e de lecture estim\u00e9e":"1 minute"},"schema":{"@context":"https:\/\/schema.org","@graph":[{"@type":"WebPage","@id":"https:\/\/www.eglise-senartdraveil.fr\/index.php\/vivre-sa-foi\/mouvements-et-groupes\/aci-action-catholique-independants\/","url":"https:\/\/www.eglise-senartdraveil.fr\/index.php\/vivre-sa-foi\/mouvements-et-groupes\/aci-action-catholique-independants\/","name":"ACI (Action Catholique Ind\u00e9pendants) - Secteur pastoral de Draveil - St-Jean-Paul II","isPartOf":{"@id":"https:\/\/www.eglise-senartdraveil.fr\/#website"},"primaryImageOfPage":{"@id":"https:\/\/www.eglise-senartdraveil.fr\/index.php\/vivre-sa-foi\/mouvements-et-groupes\/aci-action-catholique-independants\/#primaryimage"},"image":{"@id":"https:\/\/www.eglise-senartdraveil.fr\/index.php\/vivre-sa-foi\/mouvements-et-groupes\/aci-action-catholique-independants\/#primaryimage"},"thumbnailUrl":"https:\/\/www.acifrance.com\/notre-demarche\/la-vie-dequipe\/faire-un-bilan-de-fin-dannee-en-equipe\/image_mini","datePublished":"2020-10-12T06:40:07+00:00","dateModified":"2020-10-12T06:49:40+00:00","author":{"@id":""},"breadcrumb":{"@id":"https:\/\/www.eglise-senartdraveil.fr\/index.php\/vivre-sa-foi\/mouvements-et-groupes\/aci-action-catholique-independants\/#breadcrumb"},"inLanguage":"fr-FR","potentialAction":[{"@type":"ReadAction","target":["https:\/\/www.eglise-senartdraveil.fr\/index.php\/vivre-sa-foi\/mouvements-et-groupes\/aci-action-catholique-independants\/"]}]},{"@type":"ImageObject","inLanguage":"fr-FR","@id":"https:\/\/www.eglise-senartdraveil.fr\/index.php\/vivre-sa-foi\/mouvements-et-groupes\/aci-action-catholique-independants\/#primaryimage","url":"https:\/\/www.acifrance.com\/notre-demarche\/la-vie-dequipe\/faire-un-bilan-de-fin-dannee-en-equipe\/image_mini","contentUrl":"https:\/\/www.acifrance.com\/notre-demarche\/la-vie-dequipe\/faire-un-bilan-de-fin-dannee-en-equipe\/image_mini"},{"@type":"BreadcrumbList","@id":"https:\/\/www.eglise-senartdraveil.fr\/index.php\/vivre-sa-foi\/mouvements-et-groupes\/aci-action-catholique-independants\/#breadcrumb","itemListElement":[{"@type":"ListItem","position":1,"name":"Home","item":"https:\/\/www.eglise-senartdraveil.fr\/"},{"@type":"ListItem","position":2,"name":"ACI (Action Catholique Ind\u00e9pendants)"}]},{"@type":"WebSite","@id":"https:\/\/www.eglise-senartdraveil.fr\/#website","url":"https:\/\/www.eglise-senartdraveil.fr\/","name":"Secteur pastoral de Draveil - St-Jean-Paul II","description":"","potentialAction":[{"@type":"SearchAction","target":{"@type":"EntryPoint","urlTemplate":"https:\/\/www.eglise-senartdraveil.fr\/?s={search_term_string}"},"query-input":{"@type":"PropertyValueSpecification","valueRequired":true,"valueName":"search_term_string"}}],"inLanguage":"fr-FR"},{"@type":"Person","@id":"","url":"https:\/\/www.eglise-senartdraveil.fr\/index.php\/author\/"}]}},"views":2509,"_links":{"self":[{"href":"https:\/\/www.eglise-senartdraveil.fr\/index.php\/wp-json\/wp\/v2\/posts\/922","targetHints":{"allow":["GET"]}}],"collection":[{"href":"https:\/\/www.eglise-senartdraveil.fr\/index.php\/wp-json\/wp\/v2\/posts"}],"about":[{"href":"https:\/\/www.eglise-senartdraveil.fr\/index.php\/wp-json\/wp\/v2\/types\/post"}],"author":[{"embeddable":true,"href":"https:\/\/www.eglise-senartdraveil.fr\/index.php\/wp-json\/wp\/v2\/users\/3"}],"replies":[{"embeddable":true,"href":"https:\/\/www.eglise-senartdraveil.fr\/index.php\/wp-json\/wp\/v2\/comments?post=922"}],"version-history":[{"count":1,"href":"https:\/\/www.eglise-senartdraveil.fr\/index.php\/wp-json\/wp\/v2\/posts\/922\/revisions"}],"predecessor-version":[{"id":923,"href":"https:\/\/www.eglise-senartdraveil.fr\/index.php\/wp-json\/wp\/v2\/posts\/922\/revisions\/923"}],"wp:attachment":[{"href":"https:\/\/www.eglise-senartdraveil.fr\/index.php\/wp-json\/wp\/v2\/media?parent=922"}],"wp:term":[{"taxonomy":"category","embeddable":true,"href":"https:\/\/www.eglise-senartdraveil.fr\/index.php\/wp-json\/wp\/v2\/categories?post=922"},{"taxonomy":"post_tag","embeddable":true,"href":"https:\/\/www.eglise-senartdraveil.fr\/index.php\/wp-json\/wp\/v2\/tags?post=922"}],"curies":[{"name":"wp","href":"https:\/\/api.w.org\/{rel}","templated":true}]}}