{"id":919,"date":"2020-10-12T08:37:55","date_gmt":"2020-10-12T06:37:55","guid":{"rendered":"https:\/\/www.eglise-senartdraveil.fr\/?p=919"},"modified":"2020-11-04T10:00:19","modified_gmt":"2020-11-04T09:00:19","slug":"focolari","status":"publish","type":"post","link":"https:\/\/www.eglise-senartdraveil.fr\/index.php\/vivre-sa-foi\/mouvements-et-groupes\/focolari\/","title":{"rendered":"Focolari"},"content":{"rendered":"\n<p><strong>N\u00e9 en Italie du Nord en 1943, le mouvement des Focolari est actuellement pr\u00e9sent dans 182 pays avec plus de 140 000 membres et 2 millions de&nbsp; sympathisants.&nbsp; Il est&nbsp; implant\u00e9 en France depuis 60 ans. On y compte 2000 membres et 15 000 sympathisants.<\/strong><\/p>\n\n\n\n<p><strong>Au&nbsp; plus&nbsp; fort&nbsp; des&nbsp; bombardements&nbsp; de&nbsp; la&nbsp; derni\u00e8re&nbsp; guerre mondiale,&nbsp; en&nbsp; 1943&nbsp; \u00e0 Trente&nbsp;<\/strong>(Italie&nbsp; du nord),&nbsp; Chiara&nbsp; Lubich, &nbsp;une&nbsp; jeune&nbsp; institutrice,&nbsp; red\u00e9couvre&nbsp; avec&nbsp; quelques&nbsp; compagnes&nbsp; la&nbsp; force indestructible de l\u2019Amour de Dieu. Elles s\u2019appuient sur l\u2019\u00c9vangile, qu\u2019elles s\u2019appliquent \u00e0 vivre dans leur&nbsp; avenir&nbsp; incertain. L\u2019\u00e9criture&nbsp; devient pour&nbsp; elles&nbsp;<em>Parole de Vie<\/em>. Telle une&nbsp; v\u00e9ritable p\u00e9dagogie,&nbsp; la&nbsp;<em>Parole de Vie&nbsp;<\/em>dont elles se communiquent les exp\u00e9riences et les effets, les am\u00e8ne \u00e0 s\u2019impr\u00e9gner peu \u00e0 peu de&nbsp; la Parole de Dieu tout en restant proches des personnes qui les entourent et en particulier des plus pauvres. Leur&nbsp; rayonnement&nbsp; et&nbsp; la chaleur de&nbsp; leurs&nbsp; relations&nbsp; leur vaudront&nbsp; le nom de Focolari de l\u2019Unit\u00e9&nbsp; (focolare&nbsp; = foyer,&nbsp; \u00e2tre).&nbsp; Bient\u00f4t, &nbsp;elles&nbsp; d\u00e9cident&nbsp; de&nbsp; consacrer&nbsp; leurs&nbsp; forces&nbsp; et&nbsp; leur&nbsp; vie&nbsp; \u00e0&nbsp; la r\u00e9alisation de la pri\u00e8re de J\u00e9sus :&nbsp;<em>P\u00e8re que tous soient un. (<\/em>Jn 17, 21)<\/p>\n\n\n\n<p><strong>Peu&nbsp; \u00e0&nbsp; peu<\/strong>,&nbsp; ce&nbsp; sont&nbsp; des&nbsp; centaines&nbsp; de&nbsp; personnes&nbsp; qui&nbsp; les&nbsp; suivent&nbsp; dans&nbsp; cette&nbsp; aventure :&nbsp; enfants&nbsp; et personnes \u00e2g\u00e9es, pr\u00eatres, religieux et religieuses, la\u00efcs engag\u00e9s dans la soci\u00e9t\u00e9 ; plus tard chr\u00e9tiens de toutes confessions, croyants de diverses religions, non-croyants soucieux de l\u2019avenir de l\u2019Homme.<\/p>\n\n\n\n<figure class=\"wp-block-image\"><img decoding=\"async\" src=\"https:\/\/www.eglise-senartdraveil.fr\/wp-content\/uploads\/2020\/10\/image_2020-10-11_204915.png\" alt=\"L\u2019attribut alt de cette image est vide, son nom de fichier est image_2020-10-11_204915.png.\"\/><\/figure>\n\n\n\n<p>Ce souffle nouveau, avant-coureur du concile Vatican II, balaie la plan\u00e8te en quelques ann\u00e9es suscitant un&nbsp; renouveau&nbsp; spirituel, des&nbsp; vocations&nbsp; et un&nbsp; souci&nbsp; de&nbsp; s\u2019engager dans&nbsp; toutes&nbsp; les&nbsp; zones&nbsp; sensibles de&nbsp; la soci\u00e9t\u00e9. Ins\u00e9r\u00e9 dans&nbsp; l\u2019\u00c9glise Catholique (statuts approuv\u00e9s par les papes Jean XXIII, puis Paul VI et Jean-Paul&nbsp; II),&nbsp; le&nbsp; Mouvement&nbsp; travaille&nbsp; avec&nbsp; les&nbsp; \u00e9glises&nbsp; locales&nbsp; dans&nbsp; de&nbsp; nombreux&nbsp; domaines,&nbsp; en particulier dans les pastorales de la famille, des jeunes, l\u2019\u0153cum\u00e9nisme et le dialogue interreligieux.<\/p>\n\n\n\n<p><strong>En&nbsp; France<\/strong>,&nbsp; dans&nbsp; le&nbsp; cadre&nbsp; de&nbsp; l\u2019apostolat&nbsp; des&nbsp; la\u00efcs,&nbsp; il&nbsp; est&nbsp; int\u00e9gr\u00e9&nbsp; dans&nbsp; le&nbsp; groupe&nbsp; \u00ab&nbsp;Familles&nbsp; et Mouvements spirituels&nbsp;\u00bb de la Conf\u00e9rence des \u00e9v\u00eaques de France. Au c\u0153ur du Mouvement, des petites communaut\u00e9s&nbsp; de&nbsp; femmes&nbsp; ou&nbsp; d\u2019hommes,&nbsp; les&nbsp; focolares,&nbsp; de&nbsp; 4&nbsp; \u00e0&nbsp; 6&nbsp; personnes&nbsp; consacr\u00e9es.&nbsp; Treize communaut\u00e9s sont implant\u00e9es dans six villes et en \u00cele-de-France. Les 2500 membres en France ont des engagements&nbsp; divers dans&nbsp; le Mouvement&nbsp; et&nbsp; au&nbsp; sein de&nbsp; la&nbsp; soci\u00e9t\u00e9&nbsp; et de&nbsp; l\u2019\u00c9glise o\u00f9&nbsp; ils&nbsp; souhaitent \u00eatre facteurs d\u2019unit\u00e9 et de fraternit\u00e9 avec tout homme.<\/p>\n\n\n\n<p>Contact :\u00a0<strong>info@focolari.fr<\/strong><\/p>\n\n\n\n<figure class=\"wp-block-image size-large\"><img loading=\"lazy\" decoding=\"async\" width=\"719\" height=\"340\" src=\"https:\/\/www.eglise-senartdraveil.fr\/wp-content\/uploads\/2020\/11\/image_2020-11-04_100009.png\" alt=\"\" class=\"wp-image-1069\" srcset=\"https:\/\/www.eglise-senartdraveil.fr\/wp-content\/uploads\/2020\/11\/image_2020-11-04_100009.png 719w, https:\/\/www.eglise-senartdraveil.fr\/wp-content\/uploads\/2020\/11\/image_2020-11-04_100009-300x142.png 300w\" sizes=\"auto, (max-width: 719px) 100vw, 719px\" \/><\/figure>\n\n\n\n<p><\/p>\n\n\n\n<h1 class=\"wp-block-heading\">Focolari : <strong>pour une \u00e9cologie int\u00e9grale, un mode de vie humble<\/strong><\/h1>\n\n\n\n<p>\u00abUne profonde conversion int\u00e9rieure\u00bb<\/p>\n\n\n\n<p>OCTOBRE 23, 2020, publi\u00e9 dans Zenit, https:\/\/fr.zenit.org<\/p>\n\n\n\n<p>La r\u00e9alisation d\u2019une \u00e9cologie int\u00e9grale exige \u00ab&nbsp;une profonde conversion int\u00e9rieure, tant au niveau personnel que communautaire&nbsp;\u00bb, rappelle le pape Fran\u00e7ois. Cela signifie \u00ab&nbsp;rompre avec la logique de l\u2019exploitation et de l\u2019\u00e9go\u00efsme&nbsp;\u00bb et \u00ab&nbsp;promouvoir la pratique d\u2019un mode de vie sobre, simple et humble&nbsp;\u00bb.<\/p>\n\n\n\n<p>Dans un message adress\u00e9 aux participants de la rencontre intitul\u00e9e \u00ab&nbsp;De nouvelles voies vers l\u2019\u00e9cologie int\u00e9grale : Cinq ans apr\u00e8s&nbsp;<em>Laudato si\u2019<\/em>&nbsp;\u00bb, qui se tient \u00e0 Castel Gandolfo, du 23 au 25 octobre 2020, le pape Fran\u00e7ois \u00e9voque le \u00ab&nbsp;besoin urgent d\u2019un nouveau paradigme socio-\u00e9conomique plus inclusif&nbsp;\u00bb qui est la solidarit\u00e9 \u00ab&nbsp;entre nous et avec le monde qui nous entoure&nbsp;\u00bb.<\/p>\n\n\n\n<p>Voici notre traduction du message du pape Fran\u00e7ois prononc\u00e9 en italien.<\/p>\n\n\n\n<p><strong>Message du pape Fran\u00e7ois<\/strong><\/p>\n\n\n\n<p>Chers fr\u00e8res et s\u0153urs,<\/p>\n\n\n\n<p>Je salue cordialement tous les participants \u00e0 cette rencontre internationale qui se tient dans le cadre de la c\u00e9l\u00e9bration du cinqui\u00e8me anniversaire de la Lettre encyclique&nbsp;<em>Laudato si\u2019<\/em>. J\u2019exprime ma gratitude \u00e0 EcoOne, l\u2019initiative \u00e9cologique du mouvement des Focolari, ainsi qu\u2019aux repr\u00e9sentants du Dicast\u00e8re pour la promotion du d\u00e9veloppement humain int\u00e9gral et du Mouvement catholique mondial pour le climat qui ont collabor\u00e9 \u00e0 la r\u00e9alisation de cet \u00e9v\u00e9nement.<\/p>\n\n\n\n<p>Votre rencontre, qui a pour th\u00e8me \u00ab&nbsp;De nouvelles voies vers l\u2019\u00e9cologie int\u00e9grale : Cinq ans apr\u00e8s&nbsp;<em>Laudato si\u2019<\/em>&nbsp;\u00bb, aborde une vision relationnelle de l\u2019humanit\u00e9 et de l\u2019attention port\u00e9e \u00e0 notre monde sous diff\u00e9rents angles : \u00e9thique, scientifique, social et th\u00e9ologique. En rappelant la conviction de Chiara Lubich selon laquelle le monde cr\u00e9\u00e9 porte en lui un charisme d\u2019unit\u00e9, je suis convaincu que sa perspective peut guider votre travail en reconnaissant que \u00ab&nbsp;tout est li\u00e9&nbsp;\u00bb et que \u00ab&nbsp;le souci de l\u2019environnement doit \u00eatre associ\u00e9 \u00e0 un amour sinc\u00e8re pour nos semblables et \u00e0 un engagement ind\u00e9fectible pour r\u00e9soudre les probl\u00e8mes de la soci\u00e9t\u00e9&nbsp;\u00bb (<em>Laudato si\u2019<\/em>, 91).<\/p>\n\n\n\n<p>Parmi ces probl\u00e8mes, il y a le besoin urgent d\u2019un nouveau paradigme socio-\u00e9conomique plus inclusif qui refl\u00e8te la v\u00e9rit\u00e9 selon laquelle nous sommes \u00ab&nbsp;une seule famille humaine, des compagnons de voyage partageant la m\u00eame chair, des enfants de la m\u00eame terre qui est notre maison commune&nbsp;\u00bb (<em>Fratelli tutti<\/em>, 8). Cette solidarit\u00e9 entre nous et avec le monde qui nous entoure exige une ferme volont\u00e9 d\u2019\u00e9laborer et de mettre en \u0153uvre des mesures pratiques qui favorisent la dignit\u00e9 de toutes les personnes dans leurs relations humaines, familiales et professionnelles, tout en luttant contre les causes structurelles de la pauvret\u00e9 et en \u0153uvrant pour la protection de l\u2019environnement naturel.<\/p>\n\n\n\n<p>La r\u00e9alisation d\u2019une \u00e9cologie int\u00e9grale exige une profonde conversion int\u00e9rieure, tant au niveau personnel que communautaire. Alors que vous examinez les grands d\u00e9fis auxquels nous sommes confront\u00e9s en ce moment, notamment le changement climatique, la n\u00e9cessit\u00e9 d\u2019un d\u00e9veloppement durable et la contribution que la religion peut apporter \u00e0 la crise environnementale, il est essentiel de rompre avec la logique de l\u2019exploitation et de l\u2019\u00e9go\u00efsme et de promouvoir la pratique d\u2019un mode de vie sobre, simple et humble (cf.&nbsp;<em>Laudato si\u2019<\/em>, 222-224). J\u2019esp\u00e8re que votre travail servira \u00e0 cultiver dans le c\u0153ur de nos fr\u00e8res et s\u0153urs une responsabilit\u00e9 partag\u00e9e les uns envers les autres en tant qu\u2019enfants de Dieu et un engagement renouvel\u00e9 \u00e0 \u00eatre de bons intendants du don qu\u2019il nous fait de la cr\u00e9ation (cf. Gn 2, 15).<\/p>\n\n\n\n<p>Chers amis, je vous remercie une fois de plus pour vos recherches et vos efforts de coop\u00e9ration en vue de rechercher de nouvelles voies qui conduisent \u00e0 une \u00e9cologie int\u00e9grale pour le bien commun de la famille humaine et du monde cr\u00e9\u00e9. En vous adressant mes meilleurs v\u0153ux pour vos d\u00e9lib\u00e9rations au cours de cette r\u00e9union, j\u2019invoque cordialement sur vous, vos familles et vos associ\u00e9s les b\u00e9n\u00e9dictions de Dieu en mati\u00e8re de sagesse, de force et de paix. Et je vous demande, s\u2019il vous pla\u00eet, de vous souvenir de moi dans vos pri\u00e8res.<\/p>\n\n\n\n<p><strong><em>\u00a9 Traduction de Zenit, H\u00e9l\u00e8ne Ginabat<\/em><\/strong><\/p>\n","protected":false},"excerpt":{"rendered":"<p>N\u00e9 en Italie du Nord en 1943, le mouvement des Focolari est actuellement pr\u00e9sent dans 182 pays avec plus de<\/p>\n","protected":false},"author":3,"featured_media":0,"comment_status":"closed","ping_status":"open","sticky":false,"template":"","format":"standard","meta":{"footnotes":""},"categories":[33,5,12],"tags":[],"class_list":["post-919","post","type-post","status-publish","format-standard","hentry","category-mouvements-et-groupes","category-vie-chretienne","category-vivre-sa-foi"],"yoast_head":"<!-- This site is optimized with the Yoast SEO plugin v25.8 - https:\/\/yoast.com\/wordpress\/plugins\/seo\/ -->\n<title>Focolari - Secteur pastoral de Draveil - St-Jean-Paul II<\/title>\n<meta name=\"robots\" content=\"index, follow, max-snippet:-1, max-image-preview:large, max-video-preview:-1\" \/>\n<link rel=\"canonical\" href=\"https:\/\/www.eglise-senartdraveil.fr\/index.php\/vivre-sa-foi\/mouvements-et-groupes\/focolari\/\" \/>\n<meta property=\"og:locale\" content=\"fr_FR\" \/>\n<meta property=\"og:type\" content=\"article\" \/>\n<meta property=\"og:title\" content=\"Focolari - Secteur pastoral de Draveil - St-Jean-Paul II\" \/>\n<meta property=\"og:description\" content=\"N\u00e9 en Italie du Nord en 1943, le mouvement des Focolari est actuellement pr\u00e9sent dans 182 pays avec plus de\" \/>\n<meta property=\"og:url\" content=\"https:\/\/www.eglise-senartdraveil.fr\/index.php\/vivre-sa-foi\/mouvements-et-groupes\/focolari\/\" \/>\n<meta property=\"og:site_name\" content=\"Secteur pastoral de Draveil - St-Jean-Paul II\" \/>\n<meta property=\"article:published_time\" content=\"2020-10-12T06:37:55+00:00\" \/>\n<meta property=\"article:modified_time\" content=\"2020-11-04T09:00:19+00:00\" \/>\n<meta property=\"og:image\" content=\"https:\/\/www.eglise-senartdraveil.fr\/wp-content\/uploads\/2020\/10\/image_2020-10-11_204915.png\" \/>\n<meta name=\"twitter:card\" content=\"summary_large_image\" \/>\n<meta name=\"twitter:label1\" content=\"\u00c9crit par\" \/>\n\t<meta name=\"twitter:data1\" content=\"\" \/>\n\t<meta name=\"twitter:label2\" content=\"Dur\u00e9e de lecture estim\u00e9e\" \/>\n\t<meta name=\"twitter:data2\" content=\"7 minutes\" \/>\n<script type=\"application\/ld+json\" class=\"yoast-schema-graph\">{\"@context\":\"https:\/\/schema.org\",\"@graph\":[{\"@type\":\"WebPage\",\"@id\":\"https:\/\/www.eglise-senartdraveil.fr\/index.php\/vivre-sa-foi\/mouvements-et-groupes\/focolari\/\",\"url\":\"https:\/\/www.eglise-senartdraveil.fr\/index.php\/vivre-sa-foi\/mouvements-et-groupes\/focolari\/\",\"name\":\"Focolari - Secteur pastoral de Draveil - St-Jean-Paul II\",\"isPartOf\":{\"@id\":\"https:\/\/www.eglise-senartdraveil.fr\/#website\"},\"primaryImageOfPage\":{\"@id\":\"https:\/\/www.eglise-senartdraveil.fr\/index.php\/vivre-sa-foi\/mouvements-et-groupes\/focolari\/#primaryimage\"},\"image\":{\"@id\":\"https:\/\/www.eglise-senartdraveil.fr\/index.php\/vivre-sa-foi\/mouvements-et-groupes\/focolari\/#primaryimage\"},\"thumbnailUrl\":\"https:\/\/www.eglise-senartdraveil.fr\/wp-content\/uploads\/2020\/10\/image_2020-10-11_204915.png\",\"datePublished\":\"2020-10-12T06:37:55+00:00\",\"dateModified\":\"2020-11-04T09:00:19+00:00\",\"author\":{\"@id\":\"\"},\"breadcrumb\":{\"@id\":\"https:\/\/www.eglise-senartdraveil.fr\/index.php\/vivre-sa-foi\/mouvements-et-groupes\/focolari\/#breadcrumb\"},\"inLanguage\":\"fr-FR\",\"potentialAction\":[{\"@type\":\"ReadAction\",\"target\":[\"https:\/\/www.eglise-senartdraveil.fr\/index.php\/vivre-sa-foi\/mouvements-et-groupes\/focolari\/\"]}]},{\"@type\":\"ImageObject\",\"inLanguage\":\"fr-FR\",\"@id\":\"https:\/\/www.eglise-senartdraveil.fr\/index.php\/vivre-sa-foi\/mouvements-et-groupes\/focolari\/#primaryimage\",\"url\":\"https:\/\/www.eglise-senartdraveil.fr\/wp-content\/uploads\/2020\/10\/image_2020-10-11_204915.png\",\"contentUrl\":\"https:\/\/www.eglise-senartdraveil.fr\/wp-content\/uploads\/2020\/10\/image_2020-10-11_204915.png\",\"width\":250,\"height\":325},{\"@type\":\"BreadcrumbList\",\"@id\":\"https:\/\/www.eglise-senartdraveil.fr\/index.php\/vivre-sa-foi\/mouvements-et-groupes\/focolari\/#breadcrumb\",\"itemListElement\":[{\"@type\":\"ListItem\",\"position\":1,\"name\":\"Home\",\"item\":\"https:\/\/www.eglise-senartdraveil.fr\/\"},{\"@type\":\"ListItem\",\"position\":2,\"name\":\"Focolari\"}]},{\"@type\":\"WebSite\",\"@id\":\"https:\/\/www.eglise-senartdraveil.fr\/#website\",\"url\":\"https:\/\/www.eglise-senartdraveil.fr\/\",\"name\":\"Secteur pastoral de Draveil - St-Jean-Paul II\",\"description\":\"\",\"potentialAction\":[{\"@type\":\"SearchAction\",\"target\":{\"@type\":\"EntryPoint\",\"urlTemplate\":\"https:\/\/www.eglise-senartdraveil.fr\/?s={search_term_string}\"},\"query-input\":{\"@type\":\"PropertyValueSpecification\",\"valueRequired\":true,\"valueName\":\"search_term_string\"}}],\"inLanguage\":\"fr-FR\"},{\"@type\":\"Person\",\"@id\":\"\",\"url\":\"https:\/\/www.eglise-senartdraveil.fr\/index.php\/author\/\"}]}<\/script>\n<!-- \/ Yoast SEO plugin. -->","yoast_head_json":{"title":"Focolari - Secteur pastoral de Draveil - St-Jean-Paul II","robots":{"index":"index","follow":"follow","max-snippet":"max-snippet:-1","max-image-preview":"max-image-preview:large","max-video-preview":"max-video-preview:-1"},"canonical":"https:\/\/www.eglise-senartdraveil.fr\/index.php\/vivre-sa-foi\/mouvements-et-groupes\/focolari\/","og_locale":"fr_FR","og_type":"article","og_title":"Focolari - Secteur pastoral de Draveil - St-Jean-Paul II","og_description":"N\u00e9 en Italie du Nord en 1943, le mouvement des Focolari est actuellement pr\u00e9sent dans 182 pays avec plus de","og_url":"https:\/\/www.eglise-senartdraveil.fr\/index.php\/vivre-sa-foi\/mouvements-et-groupes\/focolari\/","og_site_name":"Secteur pastoral de Draveil - St-Jean-Paul II","article_published_time":"2020-10-12T06:37:55+00:00","article_modified_time":"2020-11-04T09:00:19+00:00","og_image":[{"url":"https:\/\/www.eglise-senartdraveil.fr\/wp-content\/uploads\/2020\/10\/image_2020-10-11_204915.png","type":"","width":"","height":""}],"twitter_card":"summary_large_image","twitter_misc":{"\u00c9crit par":"","Dur\u00e9e de lecture estim\u00e9e":"7 minutes"},"schema":{"@context":"https:\/\/schema.org","@graph":[{"@type":"WebPage","@id":"https:\/\/www.eglise-senartdraveil.fr\/index.php\/vivre-sa-foi\/mouvements-et-groupes\/focolari\/","url":"https:\/\/www.eglise-senartdraveil.fr\/index.php\/vivre-sa-foi\/mouvements-et-groupes\/focolari\/","name":"Focolari - Secteur pastoral de Draveil - St-Jean-Paul II","isPartOf":{"@id":"https:\/\/www.eglise-senartdraveil.fr\/#website"},"primaryImageOfPage":{"@id":"https:\/\/www.eglise-senartdraveil.fr\/index.php\/vivre-sa-foi\/mouvements-et-groupes\/focolari\/#primaryimage"},"image":{"@id":"https:\/\/www.eglise-senartdraveil.fr\/index.php\/vivre-sa-foi\/mouvements-et-groupes\/focolari\/#primaryimage"},"thumbnailUrl":"https:\/\/www.eglise-senartdraveil.fr\/wp-content\/uploads\/2020\/10\/image_2020-10-11_204915.png","datePublished":"2020-10-12T06:37:55+00:00","dateModified":"2020-11-04T09:00:19+00:00","author":{"@id":""},"breadcrumb":{"@id":"https:\/\/www.eglise-senartdraveil.fr\/index.php\/vivre-sa-foi\/mouvements-et-groupes\/focolari\/#breadcrumb"},"inLanguage":"fr-FR","potentialAction":[{"@type":"ReadAction","target":["https:\/\/www.eglise-senartdraveil.fr\/index.php\/vivre-sa-foi\/mouvements-et-groupes\/focolari\/"]}]},{"@type":"ImageObject","inLanguage":"fr-FR","@id":"https:\/\/www.eglise-senartdraveil.fr\/index.php\/vivre-sa-foi\/mouvements-et-groupes\/focolari\/#primaryimage","url":"https:\/\/www.eglise-senartdraveil.fr\/wp-content\/uploads\/2020\/10\/image_2020-10-11_204915.png","contentUrl":"https:\/\/www.eglise-senartdraveil.fr\/wp-content\/uploads\/2020\/10\/image_2020-10-11_204915.png","width":250,"height":325},{"@type":"BreadcrumbList","@id":"https:\/\/www.eglise-senartdraveil.fr\/index.php\/vivre-sa-foi\/mouvements-et-groupes\/focolari\/#breadcrumb","itemListElement":[{"@type":"ListItem","position":1,"name":"Home","item":"https:\/\/www.eglise-senartdraveil.fr\/"},{"@type":"ListItem","position":2,"name":"Focolari"}]},{"@type":"WebSite","@id":"https:\/\/www.eglise-senartdraveil.fr\/#website","url":"https:\/\/www.eglise-senartdraveil.fr\/","name":"Secteur pastoral de Draveil - St-Jean-Paul II","description":"","potentialAction":[{"@type":"SearchAction","target":{"@type":"EntryPoint","urlTemplate":"https:\/\/www.eglise-senartdraveil.fr\/?s={search_term_string}"},"query-input":{"@type":"PropertyValueSpecification","valueRequired":true,"valueName":"search_term_string"}}],"inLanguage":"fr-FR"},{"@type":"Person","@id":"","url":"https:\/\/www.eglise-senartdraveil.fr\/index.php\/author\/"}]}},"views":2474,"_links":{"self":[{"href":"https:\/\/www.eglise-senartdraveil.fr\/index.php\/wp-json\/wp\/v2\/posts\/919","targetHints":{"allow":["GET"]}}],"collection":[{"href":"https:\/\/www.eglise-senartdraveil.fr\/index.php\/wp-json\/wp\/v2\/posts"}],"about":[{"href":"https:\/\/www.eglise-senartdraveil.fr\/index.php\/wp-json\/wp\/v2\/types\/post"}],"author":[{"embeddable":true,"href":"https:\/\/www.eglise-senartdraveil.fr\/index.php\/wp-json\/wp\/v2\/users\/3"}],"replies":[{"embeddable":true,"href":"https:\/\/www.eglise-senartdraveil.fr\/index.php\/wp-json\/wp\/v2\/comments?post=919"}],"version-history":[{"count":4,"href":"https:\/\/www.eglise-senartdraveil.fr\/index.php\/wp-json\/wp\/v2\/posts\/919\/revisions"}],"predecessor-version":[{"id":1071,"href":"https:\/\/www.eglise-senartdraveil.fr\/index.php\/wp-json\/wp\/v2\/posts\/919\/revisions\/1071"}],"wp:attachment":[{"href":"https:\/\/www.eglise-senartdraveil.fr\/index.php\/wp-json\/wp\/v2\/media?parent=919"}],"wp:term":[{"taxonomy":"category","embeddable":true,"href":"https:\/\/www.eglise-senartdraveil.fr\/index.php\/wp-json\/wp\/v2\/categories?post=919"},{"taxonomy":"post_tag","embeddable":true,"href":"https:\/\/www.eglise-senartdraveil.fr\/index.php\/wp-json\/wp\/v2\/tags?post=919"}],"curies":[{"name":"wp","href":"https:\/\/api.w.org\/{rel}","templated":true}]}}