{"id":886,"date":"2020-10-10T00:12:09","date_gmt":"2020-10-09T22:12:09","guid":{"rendered":"https:\/\/www.eglise-senartdraveil.fr\/?p=886"},"modified":"2020-10-12T21:04:16","modified_gmt":"2020-10-12T19:04:16","slug":"10-11-octobre-2020","status":"publish","type":"post","link":"https:\/\/www.eglise-senartdraveil.fr\/index.php\/annonces-de-draveil\/10-11-octobre-2020\/","title":{"rendered":"semaine du 11 au 18 octobre 2020"},"content":{"rendered":"\n<ul class=\"wp-block-list\"><li><span class=\"has-inline-color has-vivid-red-color\">L\u2019\u00e9quipe JEAN XXIII<\/span> propose jeudi prochain le 15 octobre sa premi\u00e8re soir\u00e9e de l\u2019ann\u00e9e au CPP. Le th\u00e8me en est&nbsp;: <span class=\"has-inline-color has-vivid-red-color\">PRENDRE SOIN DE L\u2019AUTRE<\/span><\/li><\/ul>\n\n\n\n<p><\/p>\n\n\n\n<ul class=\"wp-block-list\"><li>Toutes celles et ceux qui sont int\u00e9ress\u00e9s par le <span class=\"has-inline-color has-vivid-red-color\">synode dioc\u00e9sain<\/span>, sont invit\u00e9s \u00e0 se retrouver au CPP <span class=\"has-inline-color has-vivid-red-color\">vendredi prochain \u00e0 20h30<\/span>. Avec l\u2019\u00e9quipe synodale dioc\u00e9saine nous pourrons avoir des r\u00e9ponses \u00e0 toutes nos questions.<\/li><\/ul>\n\n\n\n<p><\/p>\n\n\n\n<ul class=\"wp-block-list\"><li>Toutes les personnes qui oeuvrent dans l\u2019\u00e9quipe dioc\u00e9saine de pastorale de la sant\u00e9 se retrouvent au CPP samedi prochain.<\/li><\/ul>\n\n\n\n<p><\/p>\n\n\n\n<ul class=\"wp-block-list\"><li>\u00c0 partir de samedi et dimanche prochains nous aurons \u00e0 toutes les messes dominicales des enfants qui viendront pour faire leur <span class=\"has-inline-color has-vivid-red-color\">premi\u00e8re des communions<\/span>. Ce sont tous les jeunes qui n\u2019ont pas pu la faire en mai ou juin derniers et qui viendront c\u00e9l\u00e9brer ce sacrement avec quelques membres de leurs familles.<\/li><\/ul>\n\n\n\n<p><\/p>\n\n\n\n<ul class=\"wp-block-list\"><li><span class=\"has-inline-color has-vivid-red-color\">Nous sommes dans le temps de constituer des \u00e9quipes pour le synode\u2026 c\u2019est donc le moment de s\u2019inscrire&nbsp;! \u00c0 la sortie des messes, des membres de l\u2019\u00e9quipe animatrice peuvent prendre votre nom et la composition de votre \u00e9quipe pour l\u2019inscrire aupr\u00e8s de l\u2019\u00e9quipe synodale dioc\u00e9saine.<\/span><\/li><\/ul>\n\n\n\n<p><\/p>\n\n\n\n<ul class=\"wp-block-list\"><li>Le lundi 2 novembre, comme tous les ans nous c\u00e9l\u00e8brerons la m<span class=\"has-inline-color has-vivid-red-color\">esse pour tous les fid\u00e8les d\u00e9funts<\/span>\u2026 cette ann\u00e9e on vous propose d\u2019inscrire les noms des personnes qui sont mortes au cours de l&#8217;ann\u00e9e (du covid ou pas) dans votre entourage\u2026 voisins, amis, famille\u2026 <br>A partir de la semaine prochaine n\u2019h\u00e9sitez pas \u00e0 inscrire leur nom sur les feuilles qui se trouveront sur la table \u00e0 l\u2019entr\u00e9e de l\u2019\u00e9glise. Au cours de la messe du 2 novembre \u00e0 20h nous apporterons tous ces noms des personnes d\u00e9c\u00e9d\u00e9es cette ann\u00e9e.<\/li><\/ul>\n","protected":false},"excerpt":{"rendered":"<p>L\u2019\u00e9quipe JEAN XXIII propose jeudi prochain le 15 octobre sa premi\u00e8re soir\u00e9e de l\u2019ann\u00e9e au CPP. Le th\u00e8me en est&nbsp;:<\/p>\n","protected":false},"author":3,"featured_media":0,"comment_status":"closed","ping_status":"open","sticky":false,"template":"","format":"standard","meta":{"footnotes":""},"categories":[14],"tags":[],"class_list":["post-886","post","type-post","status-publish","format-standard","hentry","category-annonces-de-draveil"],"yoast_head":"<!-- This site is optimized with the Yoast SEO plugin v25.8 - https:\/\/yoast.com\/wordpress\/plugins\/seo\/ -->\n<title>semaine du 11 au 18 octobre 2020 - Secteur pastoral de Draveil - St-Jean-Paul II<\/title>\n<meta name=\"robots\" content=\"index, follow, max-snippet:-1, max-image-preview:large, max-video-preview:-1\" \/>\n<link rel=\"canonical\" href=\"https:\/\/www.eglise-senartdraveil.fr\/index.php\/annonces-de-draveil\/10-11-octobre-2020\/\" \/>\n<meta property=\"og:locale\" content=\"fr_FR\" \/>\n<meta property=\"og:type\" content=\"article\" \/>\n<meta property=\"og:title\" content=\"semaine du 11 au 18 octobre 2020 - Secteur pastoral de Draveil - St-Jean-Paul II\" \/>\n<meta property=\"og:description\" content=\"L\u2019\u00e9quipe JEAN XXIII propose jeudi prochain le 15 octobre sa premi\u00e8re soir\u00e9e de l\u2019ann\u00e9e au CPP. Le th\u00e8me en est&nbsp;:\" \/>\n<meta property=\"og:url\" content=\"https:\/\/www.eglise-senartdraveil.fr\/index.php\/annonces-de-draveil\/10-11-octobre-2020\/\" \/>\n<meta property=\"og:site_name\" content=\"Secteur pastoral de Draveil - St-Jean-Paul II\" \/>\n<meta property=\"article:published_time\" content=\"2020-10-09T22:12:09+00:00\" \/>\n<meta property=\"article:modified_time\" content=\"2020-10-12T19:04:16+00:00\" \/>\n<meta name=\"twitter:card\" content=\"summary_large_image\" \/>\n<meta name=\"twitter:label1\" content=\"\u00c9crit par\" \/>\n\t<meta name=\"twitter:data1\" content=\"\" \/>\n\t<meta name=\"twitter:label2\" content=\"Dur\u00e9e de lecture estim\u00e9e\" \/>\n\t<meta name=\"twitter:data2\" content=\"1 minute\" \/>\n<script type=\"application\/ld+json\" class=\"yoast-schema-graph\">{\"@context\":\"https:\/\/schema.org\",\"@graph\":[{\"@type\":\"WebPage\",\"@id\":\"https:\/\/www.eglise-senartdraveil.fr\/index.php\/annonces-de-draveil\/10-11-octobre-2020\/\",\"url\":\"https:\/\/www.eglise-senartdraveil.fr\/index.php\/annonces-de-draveil\/10-11-octobre-2020\/\",\"name\":\"semaine du 11 au 18 octobre 2020 - Secteur pastoral de Draveil - St-Jean-Paul II\",\"isPartOf\":{\"@id\":\"https:\/\/www.eglise-senartdraveil.fr\/#website\"},\"datePublished\":\"2020-10-09T22:12:09+00:00\",\"dateModified\":\"2020-10-12T19:04:16+00:00\",\"author\":{\"@id\":\"\"},\"breadcrumb\":{\"@id\":\"https:\/\/www.eglise-senartdraveil.fr\/index.php\/annonces-de-draveil\/10-11-octobre-2020\/#breadcrumb\"},\"inLanguage\":\"fr-FR\",\"potentialAction\":[{\"@type\":\"ReadAction\",\"target\":[\"https:\/\/www.eglise-senartdraveil.fr\/index.php\/annonces-de-draveil\/10-11-octobre-2020\/\"]}]},{\"@type\":\"BreadcrumbList\",\"@id\":\"https:\/\/www.eglise-senartdraveil.fr\/index.php\/annonces-de-draveil\/10-11-octobre-2020\/#breadcrumb\",\"itemListElement\":[{\"@type\":\"ListItem\",\"position\":1,\"name\":\"Home\",\"item\":\"https:\/\/www.eglise-senartdraveil.fr\/\"},{\"@type\":\"ListItem\",\"position\":2,\"name\":\"semaine du 11 au 18 octobre 2020\"}]},{\"@type\":\"WebSite\",\"@id\":\"https:\/\/www.eglise-senartdraveil.fr\/#website\",\"url\":\"https:\/\/www.eglise-senartdraveil.fr\/\",\"name\":\"Secteur pastoral de Draveil - St-Jean-Paul II\",\"description\":\"\",\"potentialAction\":[{\"@type\":\"SearchAction\",\"target\":{\"@type\":\"EntryPoint\",\"urlTemplate\":\"https:\/\/www.eglise-senartdraveil.fr\/?s={search_term_string}\"},\"query-input\":{\"@type\":\"PropertyValueSpecification\",\"valueRequired\":true,\"valueName\":\"search_term_string\"}}],\"inLanguage\":\"fr-FR\"},{\"@type\":\"Person\",\"@id\":\"\",\"url\":\"https:\/\/www.eglise-senartdraveil.fr\/index.php\/author\/\"}]}<\/script>\n<!-- \/ Yoast SEO plugin. -->","yoast_head_json":{"title":"semaine du 11 au 18 octobre 2020 - Secteur pastoral de Draveil - St-Jean-Paul II","robots":{"index":"index","follow":"follow","max-snippet":"max-snippet:-1","max-image-preview":"max-image-preview:large","max-video-preview":"max-video-preview:-1"},"canonical":"https:\/\/www.eglise-senartdraveil.fr\/index.php\/annonces-de-draveil\/10-11-octobre-2020\/","og_locale":"fr_FR","og_type":"article","og_title":"semaine du 11 au 18 octobre 2020 - Secteur pastoral de Draveil - St-Jean-Paul II","og_description":"L\u2019\u00e9quipe JEAN XXIII propose jeudi prochain le 15 octobre sa premi\u00e8re soir\u00e9e de l\u2019ann\u00e9e au CPP. Le th\u00e8me en est&nbsp;:","og_url":"https:\/\/www.eglise-senartdraveil.fr\/index.php\/annonces-de-draveil\/10-11-octobre-2020\/","og_site_name":"Secteur pastoral de Draveil - St-Jean-Paul II","article_published_time":"2020-10-09T22:12:09+00:00","article_modified_time":"2020-10-12T19:04:16+00:00","twitter_card":"summary_large_image","twitter_misc":{"\u00c9crit par":"","Dur\u00e9e de lecture estim\u00e9e":"1 minute"},"schema":{"@context":"https:\/\/schema.org","@graph":[{"@type":"WebPage","@id":"https:\/\/www.eglise-senartdraveil.fr\/index.php\/annonces-de-draveil\/10-11-octobre-2020\/","url":"https:\/\/www.eglise-senartdraveil.fr\/index.php\/annonces-de-draveil\/10-11-octobre-2020\/","name":"semaine du 11 au 18 octobre 2020 - Secteur pastoral de Draveil - St-Jean-Paul II","isPartOf":{"@id":"https:\/\/www.eglise-senartdraveil.fr\/#website"},"datePublished":"2020-10-09T22:12:09+00:00","dateModified":"2020-10-12T19:04:16+00:00","author":{"@id":""},"breadcrumb":{"@id":"https:\/\/www.eglise-senartdraveil.fr\/index.php\/annonces-de-draveil\/10-11-octobre-2020\/#breadcrumb"},"inLanguage":"fr-FR","potentialAction":[{"@type":"ReadAction","target":["https:\/\/www.eglise-senartdraveil.fr\/index.php\/annonces-de-draveil\/10-11-octobre-2020\/"]}]},{"@type":"BreadcrumbList","@id":"https:\/\/www.eglise-senartdraveil.fr\/index.php\/annonces-de-draveil\/10-11-octobre-2020\/#breadcrumb","itemListElement":[{"@type":"ListItem","position":1,"name":"Home","item":"https:\/\/www.eglise-senartdraveil.fr\/"},{"@type":"ListItem","position":2,"name":"semaine du 11 au 18 octobre 2020"}]},{"@type":"WebSite","@id":"https:\/\/www.eglise-senartdraveil.fr\/#website","url":"https:\/\/www.eglise-senartdraveil.fr\/","name":"Secteur pastoral de Draveil - St-Jean-Paul II","description":"","potentialAction":[{"@type":"SearchAction","target":{"@type":"EntryPoint","urlTemplate":"https:\/\/www.eglise-senartdraveil.fr\/?s={search_term_string}"},"query-input":{"@type":"PropertyValueSpecification","valueRequired":true,"valueName":"search_term_string"}}],"inLanguage":"fr-FR"},{"@type":"Person","@id":"","url":"https:\/\/www.eglise-senartdraveil.fr\/index.php\/author\/"}]}},"views":1087,"_links":{"self":[{"href":"https:\/\/www.eglise-senartdraveil.fr\/index.php\/wp-json\/wp\/v2\/posts\/886","targetHints":{"allow":["GET"]}}],"collection":[{"href":"https:\/\/www.eglise-senartdraveil.fr\/index.php\/wp-json\/wp\/v2\/posts"}],"about":[{"href":"https:\/\/www.eglise-senartdraveil.fr\/index.php\/wp-json\/wp\/v2\/types\/post"}],"author":[{"embeddable":true,"href":"https:\/\/www.eglise-senartdraveil.fr\/index.php\/wp-json\/wp\/v2\/users\/3"}],"replies":[{"embeddable":true,"href":"https:\/\/www.eglise-senartdraveil.fr\/index.php\/wp-json\/wp\/v2\/comments?post=886"}],"version-history":[{"count":3,"href":"https:\/\/www.eglise-senartdraveil.fr\/index.php\/wp-json\/wp\/v2\/posts\/886\/revisions"}],"predecessor-version":[{"id":966,"href":"https:\/\/www.eglise-senartdraveil.fr\/index.php\/wp-json\/wp\/v2\/posts\/886\/revisions\/966"}],"wp:attachment":[{"href":"https:\/\/www.eglise-senartdraveil.fr\/index.php\/wp-json\/wp\/v2\/media?parent=886"}],"wp:term":[{"taxonomy":"category","embeddable":true,"href":"https:\/\/www.eglise-senartdraveil.fr\/index.php\/wp-json\/wp\/v2\/categories?post=886"},{"taxonomy":"post_tag","embeddable":true,"href":"https:\/\/www.eglise-senartdraveil.fr\/index.php\/wp-json\/wp\/v2\/tags?post=886"}],"curies":[{"name":"wp","href":"https:\/\/api.w.org\/{rel}","templated":true}]}}