{"id":831,"date":"2020-09-27T08:56:54","date_gmt":"2020-09-27T06:56:54","guid":{"rendered":"https:\/\/www.eglise-senartdraveil.fr\/?p=831"},"modified":"2020-09-27T08:56:55","modified_gmt":"2020-09-27T06:56:55","slug":"reflexion-sur-levangile-du-26-dimanche-de-lannee-a","status":"publish","type":"post","link":"https:\/\/www.eglise-senartdraveil.fr\/index.php\/homelies\/reflexion-sur-levangile-du-26-dimanche-de-lannee-a\/","title":{"rendered":"R\u00e9flexion sur l&#8217;\u00e9vangile du 26\u00b0 dimanche de l&#8217;ann\u00e9e A"},"content":{"rendered":"\n<h5 class=\"wp-block-heading\">\u00c9vangile de J\u00e9sus Christ selon saint Matthieu (Mt 21,\u00a028-32)<\/h5>\n\n\n\n<p>Nous connaissons tous des gosses comme ces deux l\u00e0 que J\u00e9sus nous montre dans la parabole&#8230; ce sont les n\u00f4tres ? ou nos petits enfants ? ou les enfants des voisins ?&#8230; mais nous en connaissons ou en avons connu !<\/p>\n\n\n\n<p>Le &#8220;t\u00eate de mule&#8221; qui est toujours en train de refuser tout mais qui, discr\u00e8tement, comme si de rien \u00e9tait, fait ce qu&#8217;on lui demande tr\u00e8s efficacement&#8230; et l&#8217;autre, celui \u00e0 qui on donnerait le &#8220;bon Dieu sans confession&#8221;, qui dit toujours oui devant, mais qui par&nbsp;derri\u00e8re se d\u00e9file toujours&#8230;<\/p>\n\n\n\n<p>Duquel des deux sommes-nous, nous m\u00eames, les plus proches ?<\/p>\n\n\n\n<p>En tout cas voici un dessin \u00e0 coloriser pour pouvoir l&#8217;expliquer aux plus jeunes&#8230;<\/p>\n\n\n\n<figure class=\"wp-block-image size-large\"><img loading=\"lazy\" decoding=\"async\" width=\"1024\" height=\"713\" src=\"https:\/\/www.eglise-senartdraveil.fr\/wp-content\/uploads\/2020\/09\/dessin-1024x713.jpg\" alt=\"\" class=\"wp-image-832\" srcset=\"https:\/\/www.eglise-senartdraveil.fr\/wp-content\/uploads\/2020\/09\/dessin-1024x713.jpg 1024w, https:\/\/www.eglise-senartdraveil.fr\/wp-content\/uploads\/2020\/09\/dessin-300x209.jpg 300w, https:\/\/www.eglise-senartdraveil.fr\/wp-content\/uploads\/2020\/09\/dessin-768x534.jpg 768w, https:\/\/www.eglise-senartdraveil.fr\/wp-content\/uploads\/2020\/09\/dessin-1536x1069.jpg 1536w, https:\/\/www.eglise-senartdraveil.fr\/wp-content\/uploads\/2020\/09\/dessin-2048x1425.jpg 2048w, https:\/\/www.eglise-senartdraveil.fr\/wp-content\/uploads\/2020\/09\/dessin-392x272.jpg 392w, https:\/\/www.eglise-senartdraveil.fr\/wp-content\/uploads\/2020\/09\/dessin-130x90.jpg 130w\" sizes=\"auto, (max-width: 1024px) 100vw, 1024px\" \/><\/figure>\n","protected":false},"excerpt":{"rendered":"<p>\u00c9vangile de J\u00e9sus Christ selon saint Matthieu (Mt 21,\u00a028-32) Nous connaissons tous des gosses comme ces deux l\u00e0 que J\u00e9sus<\/p>\n","protected":false},"author":3,"featured_media":0,"comment_status":"closed","ping_status":"open","sticky":false,"template":"","format":"standard","meta":{"footnotes":""},"categories":[8],"tags":[],"class_list":["post-831","post","type-post","status-publish","format-standard","hentry","category-homelies"],"yoast_head":"<!-- This site is optimized with the Yoast SEO plugin v25.8 - https:\/\/yoast.com\/wordpress\/plugins\/seo\/ -->\n<title>R\u00e9flexion sur l&#039;\u00e9vangile du 26\u00b0 dimanche de l&#039;ann\u00e9e A - Secteur pastoral de Draveil - St-Jean-Paul II<\/title>\n<meta name=\"robots\" content=\"index, follow, max-snippet:-1, max-image-preview:large, max-video-preview:-1\" \/>\n<link rel=\"canonical\" href=\"https:\/\/www.eglise-senartdraveil.fr\/index.php\/homelies\/reflexion-sur-levangile-du-26-dimanche-de-lannee-a\/\" \/>\n<meta property=\"og:locale\" content=\"fr_FR\" \/>\n<meta property=\"og:type\" content=\"article\" \/>\n<meta property=\"og:title\" content=\"R\u00e9flexion sur l&#039;\u00e9vangile du 26\u00b0 dimanche de l&#039;ann\u00e9e A - Secteur pastoral de Draveil - St-Jean-Paul II\" \/>\n<meta property=\"og:description\" content=\"\u00c9vangile de J\u00e9sus Christ selon saint Matthieu (Mt 21,\u00a028-32) Nous connaissons tous des gosses comme ces deux l\u00e0 que J\u00e9sus\" \/>\n<meta property=\"og:url\" content=\"https:\/\/www.eglise-senartdraveil.fr\/index.php\/homelies\/reflexion-sur-levangile-du-26-dimanche-de-lannee-a\/\" \/>\n<meta property=\"og:site_name\" content=\"Secteur pastoral de Draveil - St-Jean-Paul II\" \/>\n<meta property=\"article:published_time\" content=\"2020-09-27T06:56:54+00:00\" \/>\n<meta property=\"article:modified_time\" content=\"2020-09-27T06:56:55+00:00\" \/>\n<meta property=\"og:image\" content=\"https:\/\/www.eglise-senartdraveil.fr\/wp-content\/uploads\/2020\/09\/dessin-1024x713.jpg\" \/>\n<meta name=\"twitter:card\" content=\"summary_large_image\" \/>\n<meta name=\"twitter:label1\" content=\"\u00c9crit par\" \/>\n\t<meta name=\"twitter:data1\" content=\"\" \/>\n\t<meta name=\"twitter:label2\" content=\"Dur\u00e9e de lecture estim\u00e9e\" \/>\n\t<meta name=\"twitter:data2\" content=\"1 minute\" \/>\n<script type=\"application\/ld+json\" class=\"yoast-schema-graph\">{\"@context\":\"https:\/\/schema.org\",\"@graph\":[{\"@type\":\"WebPage\",\"@id\":\"https:\/\/www.eglise-senartdraveil.fr\/index.php\/homelies\/reflexion-sur-levangile-du-26-dimanche-de-lannee-a\/\",\"url\":\"https:\/\/www.eglise-senartdraveil.fr\/index.php\/homelies\/reflexion-sur-levangile-du-26-dimanche-de-lannee-a\/\",\"name\":\"R\u00e9flexion sur l'\u00e9vangile du 26\u00b0 dimanche de l'ann\u00e9e A - Secteur pastoral de Draveil - St-Jean-Paul II\",\"isPartOf\":{\"@id\":\"https:\/\/www.eglise-senartdraveil.fr\/#website\"},\"primaryImageOfPage\":{\"@id\":\"https:\/\/www.eglise-senartdraveil.fr\/index.php\/homelies\/reflexion-sur-levangile-du-26-dimanche-de-lannee-a\/#primaryimage\"},\"image\":{\"@id\":\"https:\/\/www.eglise-senartdraveil.fr\/index.php\/homelies\/reflexion-sur-levangile-du-26-dimanche-de-lannee-a\/#primaryimage\"},\"thumbnailUrl\":\"https:\/\/www.eglise-senartdraveil.fr\/wp-content\/uploads\/2020\/09\/dessin-1024x713.jpg\",\"datePublished\":\"2020-09-27T06:56:54+00:00\",\"dateModified\":\"2020-09-27T06:56:55+00:00\",\"author\":{\"@id\":\"\"},\"breadcrumb\":{\"@id\":\"https:\/\/www.eglise-senartdraveil.fr\/index.php\/homelies\/reflexion-sur-levangile-du-26-dimanche-de-lannee-a\/#breadcrumb\"},\"inLanguage\":\"fr-FR\",\"potentialAction\":[{\"@type\":\"ReadAction\",\"target\":[\"https:\/\/www.eglise-senartdraveil.fr\/index.php\/homelies\/reflexion-sur-levangile-du-26-dimanche-de-lannee-a\/\"]}]},{\"@type\":\"ImageObject\",\"inLanguage\":\"fr-FR\",\"@id\":\"https:\/\/www.eglise-senartdraveil.fr\/index.php\/homelies\/reflexion-sur-levangile-du-26-dimanche-de-lannee-a\/#primaryimage\",\"url\":\"https:\/\/www.eglise-senartdraveil.fr\/wp-content\/uploads\/2020\/09\/dessin-scaled.jpg\",\"contentUrl\":\"https:\/\/www.eglise-senartdraveil.fr\/wp-content\/uploads\/2020\/09\/dessin-scaled.jpg\",\"width\":2560,\"height\":1782},{\"@type\":\"BreadcrumbList\",\"@id\":\"https:\/\/www.eglise-senartdraveil.fr\/index.php\/homelies\/reflexion-sur-levangile-du-26-dimanche-de-lannee-a\/#breadcrumb\",\"itemListElement\":[{\"@type\":\"ListItem\",\"position\":1,\"name\":\"Home\",\"item\":\"https:\/\/www.eglise-senartdraveil.fr\/\"},{\"@type\":\"ListItem\",\"position\":2,\"name\":\"R\u00e9flexion sur l&rsquo;\u00e9vangile du 26\u00b0 dimanche de l&rsquo;ann\u00e9e A\"}]},{\"@type\":\"WebSite\",\"@id\":\"https:\/\/www.eglise-senartdraveil.fr\/#website\",\"url\":\"https:\/\/www.eglise-senartdraveil.fr\/\",\"name\":\"Secteur pastoral de Draveil - St-Jean-Paul II\",\"description\":\"\",\"potentialAction\":[{\"@type\":\"SearchAction\",\"target\":{\"@type\":\"EntryPoint\",\"urlTemplate\":\"https:\/\/www.eglise-senartdraveil.fr\/?s={search_term_string}\"},\"query-input\":{\"@type\":\"PropertyValueSpecification\",\"valueRequired\":true,\"valueName\":\"search_term_string\"}}],\"inLanguage\":\"fr-FR\"},{\"@type\":\"Person\",\"@id\":\"\",\"url\":\"https:\/\/www.eglise-senartdraveil.fr\/index.php\/author\/\"}]}<\/script>\n<!-- \/ Yoast SEO plugin. -->","yoast_head_json":{"title":"R\u00e9flexion sur l'\u00e9vangile du 26\u00b0 dimanche de l'ann\u00e9e A - Secteur pastoral de Draveil - St-Jean-Paul II","robots":{"index":"index","follow":"follow","max-snippet":"max-snippet:-1","max-image-preview":"max-image-preview:large","max-video-preview":"max-video-preview:-1"},"canonical":"https:\/\/www.eglise-senartdraveil.fr\/index.php\/homelies\/reflexion-sur-levangile-du-26-dimanche-de-lannee-a\/","og_locale":"fr_FR","og_type":"article","og_title":"R\u00e9flexion sur l'\u00e9vangile du 26\u00b0 dimanche de l'ann\u00e9e A - Secteur pastoral de Draveil - St-Jean-Paul II","og_description":"\u00c9vangile de J\u00e9sus Christ selon saint Matthieu (Mt 21,\u00a028-32) Nous connaissons tous des gosses comme ces deux l\u00e0 que J\u00e9sus","og_url":"https:\/\/www.eglise-senartdraveil.fr\/index.php\/homelies\/reflexion-sur-levangile-du-26-dimanche-de-lannee-a\/","og_site_name":"Secteur pastoral de Draveil - St-Jean-Paul II","article_published_time":"2020-09-27T06:56:54+00:00","article_modified_time":"2020-09-27T06:56:55+00:00","og_image":[{"url":"https:\/\/www.eglise-senartdraveil.fr\/wp-content\/uploads\/2020\/09\/dessin-1024x713.jpg","type":"","width":"","height":""}],"twitter_card":"summary_large_image","twitter_misc":{"\u00c9crit par":"","Dur\u00e9e de lecture estim\u00e9e":"1 minute"},"schema":{"@context":"https:\/\/schema.org","@graph":[{"@type":"WebPage","@id":"https:\/\/www.eglise-senartdraveil.fr\/index.php\/homelies\/reflexion-sur-levangile-du-26-dimanche-de-lannee-a\/","url":"https:\/\/www.eglise-senartdraveil.fr\/index.php\/homelies\/reflexion-sur-levangile-du-26-dimanche-de-lannee-a\/","name":"R\u00e9flexion sur l'\u00e9vangile du 26\u00b0 dimanche de l'ann\u00e9e A - Secteur pastoral de Draveil - St-Jean-Paul II","isPartOf":{"@id":"https:\/\/www.eglise-senartdraveil.fr\/#website"},"primaryImageOfPage":{"@id":"https:\/\/www.eglise-senartdraveil.fr\/index.php\/homelies\/reflexion-sur-levangile-du-26-dimanche-de-lannee-a\/#primaryimage"},"image":{"@id":"https:\/\/www.eglise-senartdraveil.fr\/index.php\/homelies\/reflexion-sur-levangile-du-26-dimanche-de-lannee-a\/#primaryimage"},"thumbnailUrl":"https:\/\/www.eglise-senartdraveil.fr\/wp-content\/uploads\/2020\/09\/dessin-1024x713.jpg","datePublished":"2020-09-27T06:56:54+00:00","dateModified":"2020-09-27T06:56:55+00:00","author":{"@id":""},"breadcrumb":{"@id":"https:\/\/www.eglise-senartdraveil.fr\/index.php\/homelies\/reflexion-sur-levangile-du-26-dimanche-de-lannee-a\/#breadcrumb"},"inLanguage":"fr-FR","potentialAction":[{"@type":"ReadAction","target":["https:\/\/www.eglise-senartdraveil.fr\/index.php\/homelies\/reflexion-sur-levangile-du-26-dimanche-de-lannee-a\/"]}]},{"@type":"ImageObject","inLanguage":"fr-FR","@id":"https:\/\/www.eglise-senartdraveil.fr\/index.php\/homelies\/reflexion-sur-levangile-du-26-dimanche-de-lannee-a\/#primaryimage","url":"https:\/\/www.eglise-senartdraveil.fr\/wp-content\/uploads\/2020\/09\/dessin-scaled.jpg","contentUrl":"https:\/\/www.eglise-senartdraveil.fr\/wp-content\/uploads\/2020\/09\/dessin-scaled.jpg","width":2560,"height":1782},{"@type":"BreadcrumbList","@id":"https:\/\/www.eglise-senartdraveil.fr\/index.php\/homelies\/reflexion-sur-levangile-du-26-dimanche-de-lannee-a\/#breadcrumb","itemListElement":[{"@type":"ListItem","position":1,"name":"Home","item":"https:\/\/www.eglise-senartdraveil.fr\/"},{"@type":"ListItem","position":2,"name":"R\u00e9flexion sur l&rsquo;\u00e9vangile du 26\u00b0 dimanche de l&rsquo;ann\u00e9e A"}]},{"@type":"WebSite","@id":"https:\/\/www.eglise-senartdraveil.fr\/#website","url":"https:\/\/www.eglise-senartdraveil.fr\/","name":"Secteur pastoral de Draveil - St-Jean-Paul II","description":"","potentialAction":[{"@type":"SearchAction","target":{"@type":"EntryPoint","urlTemplate":"https:\/\/www.eglise-senartdraveil.fr\/?s={search_term_string}"},"query-input":{"@type":"PropertyValueSpecification","valueRequired":true,"valueName":"search_term_string"}}],"inLanguage":"fr-FR"},{"@type":"Person","@id":"","url":"https:\/\/www.eglise-senartdraveil.fr\/index.php\/author\/"}]}},"views":1114,"_links":{"self":[{"href":"https:\/\/www.eglise-senartdraveil.fr\/index.php\/wp-json\/wp\/v2\/posts\/831","targetHints":{"allow":["GET"]}}],"collection":[{"href":"https:\/\/www.eglise-senartdraveil.fr\/index.php\/wp-json\/wp\/v2\/posts"}],"about":[{"href":"https:\/\/www.eglise-senartdraveil.fr\/index.php\/wp-json\/wp\/v2\/types\/post"}],"author":[{"embeddable":true,"href":"https:\/\/www.eglise-senartdraveil.fr\/index.php\/wp-json\/wp\/v2\/users\/3"}],"replies":[{"embeddable":true,"href":"https:\/\/www.eglise-senartdraveil.fr\/index.php\/wp-json\/wp\/v2\/comments?post=831"}],"version-history":[{"count":2,"href":"https:\/\/www.eglise-senartdraveil.fr\/index.php\/wp-json\/wp\/v2\/posts\/831\/revisions"}],"predecessor-version":[{"id":834,"href":"https:\/\/www.eglise-senartdraveil.fr\/index.php\/wp-json\/wp\/v2\/posts\/831\/revisions\/834"}],"wp:attachment":[{"href":"https:\/\/www.eglise-senartdraveil.fr\/index.php\/wp-json\/wp\/v2\/media?parent=831"}],"wp:term":[{"taxonomy":"category","embeddable":true,"href":"https:\/\/www.eglise-senartdraveil.fr\/index.php\/wp-json\/wp\/v2\/categories?post=831"},{"taxonomy":"post_tag","embeddable":true,"href":"https:\/\/www.eglise-senartdraveil.fr\/index.php\/wp-json\/wp\/v2\/tags?post=831"}],"curies":[{"name":"wp","href":"https:\/\/api.w.org\/{rel}","templated":true}]}}