{"id":809,"date":"2020-09-21T19:15:21","date_gmt":"2020-09-21T17:15:21","guid":{"rendered":"https:\/\/www.eglise-senartdraveil.fr\/?p=809"},"modified":"2020-09-21T19:15:22","modified_gmt":"2020-09-21T17:15:22","slug":"annonces-semaine-du-19-au-27-septembre-2020","status":"publish","type":"post","link":"https:\/\/www.eglise-senartdraveil.fr\/index.php\/annonces-de-draveil\/annonces-semaine-du-19-au-27-septembre-2020\/","title":{"rendered":"Annonces semaine du 19 au 27 septembre 2020"},"content":{"rendered":"\n<p><\/p>\n\n\n\n<ul class=\"wp-block-list\"><li>Mercredi prochain le 23 septembre \u00e0 20h30 au CPP il y aura une rencontre de <span class=\"has-inline-color has-vivid-red-color\">pr\u00e9paration au bapt\u00eame<\/span> pour les parents de petits enfants.<\/li><\/ul>\n\n\n\n<ul class=\"wp-block-list\"><li>Jeudi prochain il n\u2019y aura <span class=\"has-inline-color has-vivid-red-color\">pas de messe \u00e0 10h<\/span>. Ce jour l\u00e0, Monseigneur Pansard rassemble tous les pr\u00eatres du dioc\u00e8se autour de lui.<\/li><\/ul>\n\n\n\n<ul class=\"wp-block-list\"><li>Samedi apr\u00e8s midi, les <span class=\"has-inline-color has-vivid-red-color\">enfants du cat\u00e9chisme<\/span> qui n\u2019ont pas pu faire leur premi\u00e8re communion au mois de mai, se retrouvent pour un <span class=\"has-inline-color has-vivid-red-color\">temps de r\u00e9collection au CPP<\/span><\/li><\/ul>\n\n\n\n<ul class=\"wp-block-list\"><li>Dimanche prochain en l\u2019\u00e9glise Saint Gabriel de Paris, le p\u00e8re Christian Malrieu sera install\u00e9 comme cur\u00e9 de la paroisse.<\/li><\/ul>\n\n\n\n<ul class=\"wp-block-list\"><li>Le jeudi 1er octobre, pour la <span class=\"has-inline-color has-vivid-red-color\">f\u00eate de Sainte Th\u00e9r\u00e8se de l&#8217;enfant J\u00e9sus<\/span>, nous pr\u00e9senterons au cours de l&#8217;eucharistie toutes les pri\u00e8res que chacun des paroissiens aura inscrites et d\u00e9pos\u00e9es dans la corbeille qui se trouve pr\u00e8s de la porte sous le clocher&#8230;<\/li><\/ul>\n\n\n\n<ul class=\"wp-block-list\"><li>Rappelez-vous que <span class=\"has-inline-color has-vivid-red-color\">le 4 octobre<\/span> nous aurons notre <span class=\"has-inline-color has-vivid-red-color\">messe de rentr\u00e9e de secteur au Cosom de Vigneux<\/span>\u2026 ce m\u00eame 4 octobre nous serons invit\u00e9s \u00e0 entrer en synode avec tout le dioc\u00e8se.<\/li><\/ul>\n\n\n\n<p><\/p>\n","protected":false},"excerpt":{"rendered":"<p>Mercredi prochain le 23 septembre \u00e0 20h30 au CPP il y aura une rencontre de pr\u00e9paration au bapt\u00eame pour les<\/p>\n","protected":false},"author":3,"featured_media":0,"comment_status":"closed","ping_status":"open","sticky":false,"template":"","format":"standard","meta":{"footnotes":""},"categories":[14],"tags":[],"class_list":["post-809","post","type-post","status-publish","format-standard","hentry","category-annonces-de-draveil"],"yoast_head":"<!-- This site is optimized with the Yoast SEO plugin v25.8 - https:\/\/yoast.com\/wordpress\/plugins\/seo\/ -->\n<title>Annonces semaine du 19 au 27 septembre 2020 - Secteur pastoral de Draveil - St-Jean-Paul II<\/title>\n<meta name=\"robots\" content=\"index, follow, max-snippet:-1, max-image-preview:large, max-video-preview:-1\" \/>\n<link rel=\"canonical\" href=\"https:\/\/www.eglise-senartdraveil.fr\/index.php\/annonces-de-draveil\/annonces-semaine-du-19-au-27-septembre-2020\/\" \/>\n<meta property=\"og:locale\" content=\"fr_FR\" \/>\n<meta property=\"og:type\" content=\"article\" \/>\n<meta property=\"og:title\" content=\"Annonces semaine du 19 au 27 septembre 2020 - Secteur pastoral de Draveil - St-Jean-Paul II\" \/>\n<meta property=\"og:description\" content=\"Mercredi prochain le 23 septembre \u00e0 20h30 au CPP il y aura une rencontre de pr\u00e9paration au bapt\u00eame pour les\" \/>\n<meta property=\"og:url\" content=\"https:\/\/www.eglise-senartdraveil.fr\/index.php\/annonces-de-draveil\/annonces-semaine-du-19-au-27-septembre-2020\/\" \/>\n<meta property=\"og:site_name\" content=\"Secteur pastoral de Draveil - St-Jean-Paul II\" \/>\n<meta property=\"article:published_time\" content=\"2020-09-21T17:15:21+00:00\" \/>\n<meta property=\"article:modified_time\" content=\"2020-09-21T17:15:22+00:00\" \/>\n<meta name=\"twitter:card\" content=\"summary_large_image\" \/>\n<meta name=\"twitter:label1\" content=\"\u00c9crit par\" \/>\n\t<meta name=\"twitter:data1\" content=\"\" \/>\n\t<meta name=\"twitter:label2\" content=\"Dur\u00e9e de lecture estim\u00e9e\" \/>\n\t<meta name=\"twitter:data2\" content=\"1 minute\" \/>\n<script type=\"application\/ld+json\" class=\"yoast-schema-graph\">{\"@context\":\"https:\/\/schema.org\",\"@graph\":[{\"@type\":\"WebPage\",\"@id\":\"https:\/\/www.eglise-senartdraveil.fr\/index.php\/annonces-de-draveil\/annonces-semaine-du-19-au-27-septembre-2020\/\",\"url\":\"https:\/\/www.eglise-senartdraveil.fr\/index.php\/annonces-de-draveil\/annonces-semaine-du-19-au-27-septembre-2020\/\",\"name\":\"Annonces semaine du 19 au 27 septembre 2020 - Secteur pastoral de Draveil - St-Jean-Paul II\",\"isPartOf\":{\"@id\":\"https:\/\/www.eglise-senartdraveil.fr\/#website\"},\"datePublished\":\"2020-09-21T17:15:21+00:00\",\"dateModified\":\"2020-09-21T17:15:22+00:00\",\"author\":{\"@id\":\"\"},\"breadcrumb\":{\"@id\":\"https:\/\/www.eglise-senartdraveil.fr\/index.php\/annonces-de-draveil\/annonces-semaine-du-19-au-27-septembre-2020\/#breadcrumb\"},\"inLanguage\":\"fr-FR\",\"potentialAction\":[{\"@type\":\"ReadAction\",\"target\":[\"https:\/\/www.eglise-senartdraveil.fr\/index.php\/annonces-de-draveil\/annonces-semaine-du-19-au-27-septembre-2020\/\"]}]},{\"@type\":\"BreadcrumbList\",\"@id\":\"https:\/\/www.eglise-senartdraveil.fr\/index.php\/annonces-de-draveil\/annonces-semaine-du-19-au-27-septembre-2020\/#breadcrumb\",\"itemListElement\":[{\"@type\":\"ListItem\",\"position\":1,\"name\":\"Home\",\"item\":\"https:\/\/www.eglise-senartdraveil.fr\/\"},{\"@type\":\"ListItem\",\"position\":2,\"name\":\"Annonces semaine du 19 au 27 septembre 2020\"}]},{\"@type\":\"WebSite\",\"@id\":\"https:\/\/www.eglise-senartdraveil.fr\/#website\",\"url\":\"https:\/\/www.eglise-senartdraveil.fr\/\",\"name\":\"Secteur pastoral de Draveil - St-Jean-Paul II\",\"description\":\"\",\"potentialAction\":[{\"@type\":\"SearchAction\",\"target\":{\"@type\":\"EntryPoint\",\"urlTemplate\":\"https:\/\/www.eglise-senartdraveil.fr\/?s={search_term_string}\"},\"query-input\":{\"@type\":\"PropertyValueSpecification\",\"valueRequired\":true,\"valueName\":\"search_term_string\"}}],\"inLanguage\":\"fr-FR\"},{\"@type\":\"Person\",\"@id\":\"\",\"url\":\"https:\/\/www.eglise-senartdraveil.fr\/index.php\/author\/\"}]}<\/script>\n<!-- \/ Yoast SEO plugin. -->","yoast_head_json":{"title":"Annonces semaine du 19 au 27 septembre 2020 - Secteur pastoral de Draveil - St-Jean-Paul II","robots":{"index":"index","follow":"follow","max-snippet":"max-snippet:-1","max-image-preview":"max-image-preview:large","max-video-preview":"max-video-preview:-1"},"canonical":"https:\/\/www.eglise-senartdraveil.fr\/index.php\/annonces-de-draveil\/annonces-semaine-du-19-au-27-septembre-2020\/","og_locale":"fr_FR","og_type":"article","og_title":"Annonces semaine du 19 au 27 septembre 2020 - Secteur pastoral de Draveil - St-Jean-Paul II","og_description":"Mercredi prochain le 23 septembre \u00e0 20h30 au CPP il y aura une rencontre de pr\u00e9paration au bapt\u00eame pour les","og_url":"https:\/\/www.eglise-senartdraveil.fr\/index.php\/annonces-de-draveil\/annonces-semaine-du-19-au-27-septembre-2020\/","og_site_name":"Secteur pastoral de Draveil - St-Jean-Paul II","article_published_time":"2020-09-21T17:15:21+00:00","article_modified_time":"2020-09-21T17:15:22+00:00","twitter_card":"summary_large_image","twitter_misc":{"\u00c9crit par":"","Dur\u00e9e de lecture estim\u00e9e":"1 minute"},"schema":{"@context":"https:\/\/schema.org","@graph":[{"@type":"WebPage","@id":"https:\/\/www.eglise-senartdraveil.fr\/index.php\/annonces-de-draveil\/annonces-semaine-du-19-au-27-septembre-2020\/","url":"https:\/\/www.eglise-senartdraveil.fr\/index.php\/annonces-de-draveil\/annonces-semaine-du-19-au-27-septembre-2020\/","name":"Annonces semaine du 19 au 27 septembre 2020 - Secteur pastoral de Draveil - St-Jean-Paul II","isPartOf":{"@id":"https:\/\/www.eglise-senartdraveil.fr\/#website"},"datePublished":"2020-09-21T17:15:21+00:00","dateModified":"2020-09-21T17:15:22+00:00","author":{"@id":""},"breadcrumb":{"@id":"https:\/\/www.eglise-senartdraveil.fr\/index.php\/annonces-de-draveil\/annonces-semaine-du-19-au-27-septembre-2020\/#breadcrumb"},"inLanguage":"fr-FR","potentialAction":[{"@type":"ReadAction","target":["https:\/\/www.eglise-senartdraveil.fr\/index.php\/annonces-de-draveil\/annonces-semaine-du-19-au-27-septembre-2020\/"]}]},{"@type":"BreadcrumbList","@id":"https:\/\/www.eglise-senartdraveil.fr\/index.php\/annonces-de-draveil\/annonces-semaine-du-19-au-27-septembre-2020\/#breadcrumb","itemListElement":[{"@type":"ListItem","position":1,"name":"Home","item":"https:\/\/www.eglise-senartdraveil.fr\/"},{"@type":"ListItem","position":2,"name":"Annonces semaine du 19 au 27 septembre 2020"}]},{"@type":"WebSite","@id":"https:\/\/www.eglise-senartdraveil.fr\/#website","url":"https:\/\/www.eglise-senartdraveil.fr\/","name":"Secteur pastoral de Draveil - St-Jean-Paul II","description":"","potentialAction":[{"@type":"SearchAction","target":{"@type":"EntryPoint","urlTemplate":"https:\/\/www.eglise-senartdraveil.fr\/?s={search_term_string}"},"query-input":{"@type":"PropertyValueSpecification","valueRequired":true,"valueName":"search_term_string"}}],"inLanguage":"fr-FR"},{"@type":"Person","@id":"","url":"https:\/\/www.eglise-senartdraveil.fr\/index.php\/author\/"}]}},"views":1312,"_links":{"self":[{"href":"https:\/\/www.eglise-senartdraveil.fr\/index.php\/wp-json\/wp\/v2\/posts\/809","targetHints":{"allow":["GET"]}}],"collection":[{"href":"https:\/\/www.eglise-senartdraveil.fr\/index.php\/wp-json\/wp\/v2\/posts"}],"about":[{"href":"https:\/\/www.eglise-senartdraveil.fr\/index.php\/wp-json\/wp\/v2\/types\/post"}],"author":[{"embeddable":true,"href":"https:\/\/www.eglise-senartdraveil.fr\/index.php\/wp-json\/wp\/v2\/users\/3"}],"replies":[{"embeddable":true,"href":"https:\/\/www.eglise-senartdraveil.fr\/index.php\/wp-json\/wp\/v2\/comments?post=809"}],"version-history":[{"count":2,"href":"https:\/\/www.eglise-senartdraveil.fr\/index.php\/wp-json\/wp\/v2\/posts\/809\/revisions"}],"predecessor-version":[{"id":811,"href":"https:\/\/www.eglise-senartdraveil.fr\/index.php\/wp-json\/wp\/v2\/posts\/809\/revisions\/811"}],"wp:attachment":[{"href":"https:\/\/www.eglise-senartdraveil.fr\/index.php\/wp-json\/wp\/v2\/media?parent=809"}],"wp:term":[{"taxonomy":"category","embeddable":true,"href":"https:\/\/www.eglise-senartdraveil.fr\/index.php\/wp-json\/wp\/v2\/categories?post=809"},{"taxonomy":"post_tag","embeddable":true,"href":"https:\/\/www.eglise-senartdraveil.fr\/index.php\/wp-json\/wp\/v2\/tags?post=809"}],"curies":[{"name":"wp","href":"https:\/\/api.w.org\/{rel}","templated":true}]}}