{"id":717,"date":"2020-09-04T23:57:46","date_gmt":"2020-09-04T21:57:46","guid":{"rendered":"https:\/\/www.eglise-senartdraveil.fr\/?p=717"},"modified":"2020-09-04T23:57:47","modified_gmt":"2020-09-04T21:57:47","slug":"semaine-du-5-au-12-septembre-2020","status":"publish","type":"post","link":"https:\/\/www.eglise-senartdraveil.fr\/index.php\/annonces-de-draveil\/semaine-du-5-au-12-septembre-2020\/","title":{"rendered":"semaine du 5 au 12 septembre 2020"},"content":{"rendered":"\n<p>Mardi et jeudi de cette semaine il n\u2019y aura pas de messes en paroisse. L\u2019\u00e9quipe pastorale du secteur sera en session de d\u00e9marrage d\u2019ann\u00e9e<\/p>\n\n\n\n<p>Vendredi prochain \u00e0 20h l\u2019\u00e9quipe animatrice se retrouvera au presbyt\u00e8re<\/p>\n\n\n\n<p>Dimanche prochain la paroisse de Vigneux fera une f\u00eate pour inaugurer la remise en \u00e9tat de leur \u00e9glise. Si vous le pouvez, allez-y pour la messe de 11h et f\u00eatez avec eux cet heureux \u00e9v\u00e8nement.<\/p>\n\n\n\n<p>Si on ne propose plus de vous inscrire \u00e0 l\u2019avance pour les messes dominicales, c\u2019est que le nombre de personnes qui le faisaient \u00e9tait ridiculement petit. Il n\u2019emp\u00eache que les r\u00e8gles sanitaires de protection sont toujours effectives. On ne peut pas entrer \u00e0 plus de 110 dans l\u2019\u00e9glise et il n\u2019y a que trois places par banc\u2026 merci de respecter ces indications et de vous attacher \u00e0 aider les membres de l\u2019\u00e9quipe animatrice qui les font respecter.<\/p>\n\n\n\n<p>Les inscriptions au cat\u00e9 se feront de mani\u00e8re \u00e0 bien g\u00e9rer les distanciations de protection sanitaire. Pour les enfants d\u00e9j\u00e0 inscrits l\u2019ann\u00e9e derni\u00e8re il y aura des courriers qui leur parviendront pour une inscription \u00e0 distance. Les parents des enfants \u00e0 inscrire pour la premi\u00e8re fois sont invit\u00e9s \u00e0 envoyer un courriel sur l\u2019adresse de la paroisse ou appeler aux heures d\u2019ouverture de l\u2019accueil au 09.500.70.500.<\/p>\n\n\n\n<p>Rappelez-vous que le 4 octobre nous aurons notre messe de rentr\u00e9e de secteur au Cosom de Vigneux\u2026 Au cours de cette messe nous aurons un forum de tous les groupes et services de nos paroisses et le m\u00eame jour nous serons invit\u00e9s \u00e0 entrer en synode avec tout le dioc\u00e8se.<\/p>\n","protected":false},"excerpt":{"rendered":"<p>Mardi et jeudi de cette semaine il n\u2019y aura pas de messes en paroisse. L\u2019\u00e9quipe pastorale du secteur sera en<\/p>\n","protected":false},"author":3,"featured_media":0,"comment_status":"closed","ping_status":"open","sticky":false,"template":"","format":"standard","meta":{"footnotes":""},"categories":[14],"tags":[],"class_list":["post-717","post","type-post","status-publish","format-standard","hentry","category-annonces-de-draveil"],"yoast_head":"<!-- This site is optimized with the Yoast SEO plugin v25.8 - https:\/\/yoast.com\/wordpress\/plugins\/seo\/ -->\n<title>semaine du 5 au 12 septembre 2020 - Secteur pastoral de Draveil - St-Jean-Paul II<\/title>\n<meta name=\"robots\" content=\"index, follow, max-snippet:-1, max-image-preview:large, max-video-preview:-1\" \/>\n<link rel=\"canonical\" href=\"https:\/\/www.eglise-senartdraveil.fr\/index.php\/annonces-de-draveil\/semaine-du-5-au-12-septembre-2020\/\" \/>\n<meta property=\"og:locale\" content=\"fr_FR\" \/>\n<meta property=\"og:type\" content=\"article\" \/>\n<meta property=\"og:title\" content=\"semaine du 5 au 12 septembre 2020 - Secteur pastoral de Draveil - St-Jean-Paul II\" \/>\n<meta property=\"og:description\" content=\"Mardi et jeudi de cette semaine il n\u2019y aura pas de messes en paroisse. L\u2019\u00e9quipe pastorale du secteur sera en\" \/>\n<meta property=\"og:url\" content=\"https:\/\/www.eglise-senartdraveil.fr\/index.php\/annonces-de-draveil\/semaine-du-5-au-12-septembre-2020\/\" \/>\n<meta property=\"og:site_name\" content=\"Secteur pastoral de Draveil - St-Jean-Paul II\" \/>\n<meta property=\"article:published_time\" content=\"2020-09-04T21:57:46+00:00\" \/>\n<meta property=\"article:modified_time\" content=\"2020-09-04T21:57:47+00:00\" \/>\n<meta name=\"twitter:card\" content=\"summary_large_image\" \/>\n<meta name=\"twitter:label1\" content=\"\u00c9crit par\" \/>\n\t<meta name=\"twitter:data1\" content=\"\" \/>\n\t<meta name=\"twitter:label2\" content=\"Dur\u00e9e de lecture estim\u00e9e\" \/>\n\t<meta name=\"twitter:data2\" content=\"1 minute\" \/>\n<script type=\"application\/ld+json\" class=\"yoast-schema-graph\">{\"@context\":\"https:\/\/schema.org\",\"@graph\":[{\"@type\":\"WebPage\",\"@id\":\"https:\/\/www.eglise-senartdraveil.fr\/index.php\/annonces-de-draveil\/semaine-du-5-au-12-septembre-2020\/\",\"url\":\"https:\/\/www.eglise-senartdraveil.fr\/index.php\/annonces-de-draveil\/semaine-du-5-au-12-septembre-2020\/\",\"name\":\"semaine du 5 au 12 septembre 2020 - Secteur pastoral de Draveil - St-Jean-Paul II\",\"isPartOf\":{\"@id\":\"https:\/\/www.eglise-senartdraveil.fr\/#website\"},\"datePublished\":\"2020-09-04T21:57:46+00:00\",\"dateModified\":\"2020-09-04T21:57:47+00:00\",\"author\":{\"@id\":\"\"},\"breadcrumb\":{\"@id\":\"https:\/\/www.eglise-senartdraveil.fr\/index.php\/annonces-de-draveil\/semaine-du-5-au-12-septembre-2020\/#breadcrumb\"},\"inLanguage\":\"fr-FR\",\"potentialAction\":[{\"@type\":\"ReadAction\",\"target\":[\"https:\/\/www.eglise-senartdraveil.fr\/index.php\/annonces-de-draveil\/semaine-du-5-au-12-septembre-2020\/\"]}]},{\"@type\":\"BreadcrumbList\",\"@id\":\"https:\/\/www.eglise-senartdraveil.fr\/index.php\/annonces-de-draveil\/semaine-du-5-au-12-septembre-2020\/#breadcrumb\",\"itemListElement\":[{\"@type\":\"ListItem\",\"position\":1,\"name\":\"Home\",\"item\":\"https:\/\/www.eglise-senartdraveil.fr\/\"},{\"@type\":\"ListItem\",\"position\":2,\"name\":\"semaine du 5 au 12 septembre 2020\"}]},{\"@type\":\"WebSite\",\"@id\":\"https:\/\/www.eglise-senartdraveil.fr\/#website\",\"url\":\"https:\/\/www.eglise-senartdraveil.fr\/\",\"name\":\"Secteur pastoral de Draveil - St-Jean-Paul II\",\"description\":\"\",\"potentialAction\":[{\"@type\":\"SearchAction\",\"target\":{\"@type\":\"EntryPoint\",\"urlTemplate\":\"https:\/\/www.eglise-senartdraveil.fr\/?s={search_term_string}\"},\"query-input\":{\"@type\":\"PropertyValueSpecification\",\"valueRequired\":true,\"valueName\":\"search_term_string\"}}],\"inLanguage\":\"fr-FR\"},{\"@type\":\"Person\",\"@id\":\"\",\"url\":\"https:\/\/www.eglise-senartdraveil.fr\/index.php\/author\/\"}]}<\/script>\n<!-- \/ Yoast SEO plugin. -->","yoast_head_json":{"title":"semaine du 5 au 12 septembre 2020 - Secteur pastoral de Draveil - St-Jean-Paul II","robots":{"index":"index","follow":"follow","max-snippet":"max-snippet:-1","max-image-preview":"max-image-preview:large","max-video-preview":"max-video-preview:-1"},"canonical":"https:\/\/www.eglise-senartdraveil.fr\/index.php\/annonces-de-draveil\/semaine-du-5-au-12-septembre-2020\/","og_locale":"fr_FR","og_type":"article","og_title":"semaine du 5 au 12 septembre 2020 - Secteur pastoral de Draveil - St-Jean-Paul II","og_description":"Mardi et jeudi de cette semaine il n\u2019y aura pas de messes en paroisse. L\u2019\u00e9quipe pastorale du secteur sera en","og_url":"https:\/\/www.eglise-senartdraveil.fr\/index.php\/annonces-de-draveil\/semaine-du-5-au-12-septembre-2020\/","og_site_name":"Secteur pastoral de Draveil - St-Jean-Paul II","article_published_time":"2020-09-04T21:57:46+00:00","article_modified_time":"2020-09-04T21:57:47+00:00","twitter_card":"summary_large_image","twitter_misc":{"\u00c9crit par":"","Dur\u00e9e de lecture estim\u00e9e":"1 minute"},"schema":{"@context":"https:\/\/schema.org","@graph":[{"@type":"WebPage","@id":"https:\/\/www.eglise-senartdraveil.fr\/index.php\/annonces-de-draveil\/semaine-du-5-au-12-septembre-2020\/","url":"https:\/\/www.eglise-senartdraveil.fr\/index.php\/annonces-de-draveil\/semaine-du-5-au-12-septembre-2020\/","name":"semaine du 5 au 12 septembre 2020 - Secteur pastoral de Draveil - St-Jean-Paul II","isPartOf":{"@id":"https:\/\/www.eglise-senartdraveil.fr\/#website"},"datePublished":"2020-09-04T21:57:46+00:00","dateModified":"2020-09-04T21:57:47+00:00","author":{"@id":""},"breadcrumb":{"@id":"https:\/\/www.eglise-senartdraveil.fr\/index.php\/annonces-de-draveil\/semaine-du-5-au-12-septembre-2020\/#breadcrumb"},"inLanguage":"fr-FR","potentialAction":[{"@type":"ReadAction","target":["https:\/\/www.eglise-senartdraveil.fr\/index.php\/annonces-de-draveil\/semaine-du-5-au-12-septembre-2020\/"]}]},{"@type":"BreadcrumbList","@id":"https:\/\/www.eglise-senartdraveil.fr\/index.php\/annonces-de-draveil\/semaine-du-5-au-12-septembre-2020\/#breadcrumb","itemListElement":[{"@type":"ListItem","position":1,"name":"Home","item":"https:\/\/www.eglise-senartdraveil.fr\/"},{"@type":"ListItem","position":2,"name":"semaine du 5 au 12 septembre 2020"}]},{"@type":"WebSite","@id":"https:\/\/www.eglise-senartdraveil.fr\/#website","url":"https:\/\/www.eglise-senartdraveil.fr\/","name":"Secteur pastoral de Draveil - St-Jean-Paul II","description":"","potentialAction":[{"@type":"SearchAction","target":{"@type":"EntryPoint","urlTemplate":"https:\/\/www.eglise-senartdraveil.fr\/?s={search_term_string}"},"query-input":{"@type":"PropertyValueSpecification","valueRequired":true,"valueName":"search_term_string"}}],"inLanguage":"fr-FR"},{"@type":"Person","@id":"","url":"https:\/\/www.eglise-senartdraveil.fr\/index.php\/author\/"}]}},"views":1055,"_links":{"self":[{"href":"https:\/\/www.eglise-senartdraveil.fr\/index.php\/wp-json\/wp\/v2\/posts\/717","targetHints":{"allow":["GET"]}}],"collection":[{"href":"https:\/\/www.eglise-senartdraveil.fr\/index.php\/wp-json\/wp\/v2\/posts"}],"about":[{"href":"https:\/\/www.eglise-senartdraveil.fr\/index.php\/wp-json\/wp\/v2\/types\/post"}],"author":[{"embeddable":true,"href":"https:\/\/www.eglise-senartdraveil.fr\/index.php\/wp-json\/wp\/v2\/users\/3"}],"replies":[{"embeddable":true,"href":"https:\/\/www.eglise-senartdraveil.fr\/index.php\/wp-json\/wp\/v2\/comments?post=717"}],"version-history":[{"count":2,"href":"https:\/\/www.eglise-senartdraveil.fr\/index.php\/wp-json\/wp\/v2\/posts\/717\/revisions"}],"predecessor-version":[{"id":719,"href":"https:\/\/www.eglise-senartdraveil.fr\/index.php\/wp-json\/wp\/v2\/posts\/717\/revisions\/719"}],"wp:attachment":[{"href":"https:\/\/www.eglise-senartdraveil.fr\/index.php\/wp-json\/wp\/v2\/media?parent=717"}],"wp:term":[{"taxonomy":"category","embeddable":true,"href":"https:\/\/www.eglise-senartdraveil.fr\/index.php\/wp-json\/wp\/v2\/categories?post=717"},{"taxonomy":"post_tag","embeddable":true,"href":"https:\/\/www.eglise-senartdraveil.fr\/index.php\/wp-json\/wp\/v2\/tags?post=717"}],"curies":[{"name":"wp","href":"https:\/\/api.w.org\/{rel}","templated":true}]}}