{"id":709,"date":"2020-09-04T15:58:00","date_gmt":"2020-09-04T13:58:00","guid":{"rendered":"https:\/\/www.eglise-senartdraveil.fr\/?p=709"},"modified":"2020-09-08T14:23:47","modified_gmt":"2020-09-08T12:23:47","slug":"3eme-dimanche-de-careme","status":"publish","type":"post","link":"https:\/\/www.eglise-senartdraveil.fr\/index.php\/annonces-aumonerie-hopitaux\/3eme-dimanche-de-careme\/","title":{"rendered":"3\u00e8me dimanche de Car\u00eame"},"content":{"rendered":"\n<h2 class=\"wp-block-heading\">Dieu nous parle\u2026<\/h2>\n\n\n\n<p>1\u00e8re lecture : Ex 3, 1-8a. 10.13-15<br>&#8220;Celui qui m&#8217;a envoy\u00e9 vers vous, c&#8217;est : Je-suis&#8221;<\/p>\n\n\n\n<p>Psaume 102 (103), 1-2, 3-4, 6-7, 8.11<br>&#8220;Le Seigneur est tendresse et piti\u00e9&#8221;<\/p>\n\n\n\n<p>2\u00e8me lecture : 1Co 10, 1-6.10-12<br>&#8220;La vie de Mo\u00efse avec le peuple au d\u00e9sert, l&#8217;Ecriture l&#8217;a racont\u00e9e pour nous avertir&#8221;<\/p>\n\n\n\n<p>Evangile : Lc 13, 1-9<br>&#8220;Si vous ne vous convertissez pas, vous p\u00e9rirez tous de m\u00eame.&#8221;<\/p>\n\n\n\n<div class=\"wp-block-image\"><figure class=\"aligncenter size-large\"><img loading=\"lazy\" decoding=\"async\" width=\"123\" height=\"363\" src=\"https:\/\/www.eglise-senartdraveil.fr\/wp-content\/uploads\/2020\/09\/hop5.png\" alt=\"\" class=\"wp-image-705\" srcset=\"https:\/\/www.eglise-senartdraveil.fr\/wp-content\/uploads\/2020\/09\/hop5.png 123w, https:\/\/www.eglise-senartdraveil.fr\/wp-content\/uploads\/2020\/09\/hop5-102x300.png 102w\" sizes=\"auto, (max-width: 123px) 100vw, 123px\" \/><\/figure><\/div>\n\n\n\n<h2 class=\"wp-block-heading\">CHOISIR (Lc 13, 1-9)<\/h2>\n\n\n\n<p>Bien et mal, coupable ou victime : nos jugements sont souvent simplistes et h\u00e2tifs. Ils ne s&#8217;embarrassent pas de nuances et pr\u00e9tendent volontiers au savoir. J\u00e9sus, lui, <strong>nous place devant un choix beaucoup plus profond et d\u00e9cisif<\/strong> : voulons-nous vivre une vie vraiment pleinement humaine ou nous contentons-nous de la facilit\u00e9 si souvent pr\u00f4n\u00e9e dans notre soci\u00e9t\u00e9, qui peut nous endormir et faire de nous des &#8220;vivants morts&#8221; ? Cela ne tient qu&#8217;\u00e0 notre d\u00e9cision\u2026<\/p>\n\n\n\n<p><strong><em>Qu&#8217;est ce qui me fait grandir ? Quelle &#8220;branche morte&#8221; aurais-je envie de tailler en moi\u2026<\/em><\/strong><\/p>\n\n\n\n<p><strong><em>\u2026pour \u00eatre davantage r\u00e9ceptif-ve au Souffle de Dieu ?<\/em><\/strong><\/p>\n\n\n\n<p>Extrait de FNP-Editions , &#8220;Car\u00eame 2019&#8221;<\/p>\n\n\n\n<p>Prions : AVEC TOI<\/p>\n\n\n\n<p>Avec Toi sans cesse<br>nous poursuivons le dialogue<br>Des Ap\u00f4tres et de leur Ma\u00eetre<\/p>\n\n\n\n<p>Nous comprenons si peu de choses<br>au mal subi ou commis sciemment<br>qui accable le monde et nos vies<\/p>\n\n\n\n<p>Gr\u00e2ce \u00e0 Tes paraboles Seigneur<br>Tu nous ouvres les oreilles<br>Tu \u00e9largis notre champ de vision<\/p>\n\n\n\n<p>Tu nous invites \u00e0 la rigueur<br>mais aussi \u00e0 la patience<br>du vigneron<\/p>\n\n\n\n<p>Tu nous disposes<br>\u00e0 la compassion<br>qui ne h\u00e2te pas le verdict.<br>Amen<\/p>\n\n\n\n<p>Colette Nys-Mazure<br>fnp-\u00e9dition.com<\/p>\n","protected":false},"excerpt":{"rendered":"<p>Dieu nous parle\u2026 1\u00e8re lecture : Ex 3, 1-8a. 10.13-15&#8220;Celui qui m&#8217;a envoy\u00e9 vers vous, c&#8217;est : Je-suis&#8221; Psaume 102<\/p>\n","protected":false},"author":5,"featured_media":704,"comment_status":"closed","ping_status":"open","sticky":false,"template":"","format":"standard","meta":{"footnotes":""},"categories":[32],"tags":[],"class_list":["post-709","post","type-post","status-publish","format-standard","has-post-thumbnail","hentry","category-annonces-aumonerie-hopitaux"],"yoast_head":"<!-- This site is optimized with the Yoast SEO plugin v25.8 - https:\/\/yoast.com\/wordpress\/plugins\/seo\/ -->\n<title>3\u00e8me dimanche de Car\u00eame - Secteur pastoral de Draveil - St-Jean-Paul II<\/title>\n<meta name=\"robots\" content=\"index, follow, max-snippet:-1, max-image-preview:large, max-video-preview:-1\" \/>\n<link rel=\"canonical\" href=\"https:\/\/www.eglise-senartdraveil.fr\/index.php\/annonces-aumonerie-hopitaux\/3eme-dimanche-de-careme\/\" \/>\n<meta property=\"og:locale\" content=\"fr_FR\" \/>\n<meta property=\"og:type\" content=\"article\" \/>\n<meta property=\"og:title\" content=\"3\u00e8me dimanche de Car\u00eame - Secteur pastoral de Draveil - St-Jean-Paul II\" \/>\n<meta property=\"og:description\" content=\"Dieu nous parle\u2026 1\u00e8re lecture : Ex 3, 1-8a. 10.13-15&#8220;Celui qui m&#8217;a envoy\u00e9 vers vous, c&#8217;est : Je-suis&#8221; Psaume 102\" \/>\n<meta property=\"og:url\" content=\"https:\/\/www.eglise-senartdraveil.fr\/index.php\/annonces-aumonerie-hopitaux\/3eme-dimanche-de-careme\/\" \/>\n<meta property=\"og:site_name\" content=\"Secteur pastoral de Draveil - St-Jean-Paul II\" \/>\n<meta property=\"article:published_time\" content=\"2020-09-04T13:58:00+00:00\" \/>\n<meta property=\"article:modified_time\" content=\"2020-09-08T12:23:47+00:00\" \/>\n<meta property=\"og:image\" content=\"https:\/\/www.eglise-senartdraveil.fr\/wp-content\/uploads\/2020\/09\/hop4.jpg\" \/>\n\t<meta property=\"og:image:width\" content=\"163\" \/>\n\t<meta property=\"og:image:height\" content=\"309\" \/>\n\t<meta property=\"og:image:type\" content=\"image\/jpeg\" \/>\n<meta name=\"author\" content=\"Florence Collay\" \/>\n<meta name=\"twitter:card\" content=\"summary_large_image\" \/>\n<meta name=\"twitter:label1\" content=\"\u00c9crit par\" \/>\n\t<meta name=\"twitter:data1\" content=\"Florence Collay\" \/>\n\t<meta name=\"twitter:label2\" content=\"Dur\u00e9e de lecture estim\u00e9e\" \/>\n\t<meta name=\"twitter:data2\" content=\"1 minute\" \/>\n<script type=\"application\/ld+json\" class=\"yoast-schema-graph\">{\"@context\":\"https:\/\/schema.org\",\"@graph\":[{\"@type\":\"WebPage\",\"@id\":\"https:\/\/www.eglise-senartdraveil.fr\/index.php\/annonces-aumonerie-hopitaux\/3eme-dimanche-de-careme\/\",\"url\":\"https:\/\/www.eglise-senartdraveil.fr\/index.php\/annonces-aumonerie-hopitaux\/3eme-dimanche-de-careme\/\",\"name\":\"3\u00e8me dimanche de Car\u00eame - Secteur pastoral de Draveil - St-Jean-Paul II\",\"isPartOf\":{\"@id\":\"https:\/\/www.eglise-senartdraveil.fr\/#website\"},\"primaryImageOfPage\":{\"@id\":\"https:\/\/www.eglise-senartdraveil.fr\/index.php\/annonces-aumonerie-hopitaux\/3eme-dimanche-de-careme\/#primaryimage\"},\"image\":{\"@id\":\"https:\/\/www.eglise-senartdraveil.fr\/index.php\/annonces-aumonerie-hopitaux\/3eme-dimanche-de-careme\/#primaryimage\"},\"thumbnailUrl\":\"https:\/\/www.eglise-senartdraveil.fr\/wp-content\/uploads\/2020\/09\/hop4.jpg\",\"datePublished\":\"2020-09-04T13:58:00+00:00\",\"dateModified\":\"2020-09-08T12:23:47+00:00\",\"author\":{\"@id\":\"https:\/\/www.eglise-senartdraveil.fr\/#\/schema\/person\/bbe99926fac68fad0c4308c899efc39f\"},\"breadcrumb\":{\"@id\":\"https:\/\/www.eglise-senartdraveil.fr\/index.php\/annonces-aumonerie-hopitaux\/3eme-dimanche-de-careme\/#breadcrumb\"},\"inLanguage\":\"fr-FR\",\"potentialAction\":[{\"@type\":\"ReadAction\",\"target\":[\"https:\/\/www.eglise-senartdraveil.fr\/index.php\/annonces-aumonerie-hopitaux\/3eme-dimanche-de-careme\/\"]}]},{\"@type\":\"ImageObject\",\"inLanguage\":\"fr-FR\",\"@id\":\"https:\/\/www.eglise-senartdraveil.fr\/index.php\/annonces-aumonerie-hopitaux\/3eme-dimanche-de-careme\/#primaryimage\",\"url\":\"https:\/\/www.eglise-senartdraveil.fr\/wp-content\/uploads\/2020\/09\/hop4.jpg\",\"contentUrl\":\"https:\/\/www.eglise-senartdraveil.fr\/wp-content\/uploads\/2020\/09\/hop4.jpg\",\"width\":163,\"height\":309},{\"@type\":\"BreadcrumbList\",\"@id\":\"https:\/\/www.eglise-senartdraveil.fr\/index.php\/annonces-aumonerie-hopitaux\/3eme-dimanche-de-careme\/#breadcrumb\",\"itemListElement\":[{\"@type\":\"ListItem\",\"position\":1,\"name\":\"Home\",\"item\":\"https:\/\/www.eglise-senartdraveil.fr\/\"},{\"@type\":\"ListItem\",\"position\":2,\"name\":\"3\u00e8me dimanche de Car\u00eame\"}]},{\"@type\":\"WebSite\",\"@id\":\"https:\/\/www.eglise-senartdraveil.fr\/#website\",\"url\":\"https:\/\/www.eglise-senartdraveil.fr\/\",\"name\":\"Secteur pastoral de Draveil - St-Jean-Paul II\",\"description\":\"\",\"potentialAction\":[{\"@type\":\"SearchAction\",\"target\":{\"@type\":\"EntryPoint\",\"urlTemplate\":\"https:\/\/www.eglise-senartdraveil.fr\/?s={search_term_string}\"},\"query-input\":{\"@type\":\"PropertyValueSpecification\",\"valueRequired\":true,\"valueName\":\"search_term_string\"}}],\"inLanguage\":\"fr-FR\"},{\"@type\":\"Person\",\"@id\":\"https:\/\/www.eglise-senartdraveil.fr\/#\/schema\/person\/bbe99926fac68fad0c4308c899efc39f\",\"name\":\"Florence Collay\",\"image\":{\"@type\":\"ImageObject\",\"inLanguage\":\"fr-FR\",\"@id\":\"https:\/\/www.eglise-senartdraveil.fr\/#\/schema\/person\/image\/\",\"url\":\"https:\/\/secure.gravatar.com\/avatar\/f5b2bce28a978c99e431a1904208d04db48b56ee983e4a281ade80292d8c9650?s=96&d=mm&r=g\",\"contentUrl\":\"https:\/\/secure.gravatar.com\/avatar\/f5b2bce28a978c99e431a1904208d04db48b56ee983e4a281ade80292d8c9650?s=96&d=mm&r=g\",\"caption\":\"Florence Collay\"},\"url\":\"https:\/\/www.eglise-senartdraveil.fr\/index.php\/author\/flocollay\/\"}]}<\/script>\n<!-- \/ Yoast SEO plugin. -->","yoast_head_json":{"title":"3\u00e8me dimanche de Car\u00eame - Secteur pastoral de Draveil - St-Jean-Paul II","robots":{"index":"index","follow":"follow","max-snippet":"max-snippet:-1","max-image-preview":"max-image-preview:large","max-video-preview":"max-video-preview:-1"},"canonical":"https:\/\/www.eglise-senartdraveil.fr\/index.php\/annonces-aumonerie-hopitaux\/3eme-dimanche-de-careme\/","og_locale":"fr_FR","og_type":"article","og_title":"3\u00e8me dimanche de Car\u00eame - Secteur pastoral de Draveil - St-Jean-Paul II","og_description":"Dieu nous parle\u2026 1\u00e8re lecture : Ex 3, 1-8a. 10.13-15&#8220;Celui qui m&#8217;a envoy\u00e9 vers vous, c&#8217;est : Je-suis&#8221; Psaume 102","og_url":"https:\/\/www.eglise-senartdraveil.fr\/index.php\/annonces-aumonerie-hopitaux\/3eme-dimanche-de-careme\/","og_site_name":"Secteur pastoral de Draveil - St-Jean-Paul II","article_published_time":"2020-09-04T13:58:00+00:00","article_modified_time":"2020-09-08T12:23:47+00:00","og_image":[{"width":163,"height":309,"url":"https:\/\/www.eglise-senartdraveil.fr\/wp-content\/uploads\/2020\/09\/hop4.jpg","type":"image\/jpeg"}],"author":"Florence Collay","twitter_card":"summary_large_image","twitter_misc":{"\u00c9crit par":"Florence Collay","Dur\u00e9e de lecture estim\u00e9e":"1 minute"},"schema":{"@context":"https:\/\/schema.org","@graph":[{"@type":"WebPage","@id":"https:\/\/www.eglise-senartdraveil.fr\/index.php\/annonces-aumonerie-hopitaux\/3eme-dimanche-de-careme\/","url":"https:\/\/www.eglise-senartdraveil.fr\/index.php\/annonces-aumonerie-hopitaux\/3eme-dimanche-de-careme\/","name":"3\u00e8me dimanche de Car\u00eame - Secteur pastoral de Draveil - St-Jean-Paul II","isPartOf":{"@id":"https:\/\/www.eglise-senartdraveil.fr\/#website"},"primaryImageOfPage":{"@id":"https:\/\/www.eglise-senartdraveil.fr\/index.php\/annonces-aumonerie-hopitaux\/3eme-dimanche-de-careme\/#primaryimage"},"image":{"@id":"https:\/\/www.eglise-senartdraveil.fr\/index.php\/annonces-aumonerie-hopitaux\/3eme-dimanche-de-careme\/#primaryimage"},"thumbnailUrl":"https:\/\/www.eglise-senartdraveil.fr\/wp-content\/uploads\/2020\/09\/hop4.jpg","datePublished":"2020-09-04T13:58:00+00:00","dateModified":"2020-09-08T12:23:47+00:00","author":{"@id":"https:\/\/www.eglise-senartdraveil.fr\/#\/schema\/person\/bbe99926fac68fad0c4308c899efc39f"},"breadcrumb":{"@id":"https:\/\/www.eglise-senartdraveil.fr\/index.php\/annonces-aumonerie-hopitaux\/3eme-dimanche-de-careme\/#breadcrumb"},"inLanguage":"fr-FR","potentialAction":[{"@type":"ReadAction","target":["https:\/\/www.eglise-senartdraveil.fr\/index.php\/annonces-aumonerie-hopitaux\/3eme-dimanche-de-careme\/"]}]},{"@type":"ImageObject","inLanguage":"fr-FR","@id":"https:\/\/www.eglise-senartdraveil.fr\/index.php\/annonces-aumonerie-hopitaux\/3eme-dimanche-de-careme\/#primaryimage","url":"https:\/\/www.eglise-senartdraveil.fr\/wp-content\/uploads\/2020\/09\/hop4.jpg","contentUrl":"https:\/\/www.eglise-senartdraveil.fr\/wp-content\/uploads\/2020\/09\/hop4.jpg","width":163,"height":309},{"@type":"BreadcrumbList","@id":"https:\/\/www.eglise-senartdraveil.fr\/index.php\/annonces-aumonerie-hopitaux\/3eme-dimanche-de-careme\/#breadcrumb","itemListElement":[{"@type":"ListItem","position":1,"name":"Home","item":"https:\/\/www.eglise-senartdraveil.fr\/"},{"@type":"ListItem","position":2,"name":"3\u00e8me dimanche de Car\u00eame"}]},{"@type":"WebSite","@id":"https:\/\/www.eglise-senartdraveil.fr\/#website","url":"https:\/\/www.eglise-senartdraveil.fr\/","name":"Secteur pastoral de Draveil - St-Jean-Paul II","description":"","potentialAction":[{"@type":"SearchAction","target":{"@type":"EntryPoint","urlTemplate":"https:\/\/www.eglise-senartdraveil.fr\/?s={search_term_string}"},"query-input":{"@type":"PropertyValueSpecification","valueRequired":true,"valueName":"search_term_string"}}],"inLanguage":"fr-FR"},{"@type":"Person","@id":"https:\/\/www.eglise-senartdraveil.fr\/#\/schema\/person\/bbe99926fac68fad0c4308c899efc39f","name":"Florence Collay","image":{"@type":"ImageObject","inLanguage":"fr-FR","@id":"https:\/\/www.eglise-senartdraveil.fr\/#\/schema\/person\/image\/","url":"https:\/\/secure.gravatar.com\/avatar\/f5b2bce28a978c99e431a1904208d04db48b56ee983e4a281ade80292d8c9650?s=96&d=mm&r=g","contentUrl":"https:\/\/secure.gravatar.com\/avatar\/f5b2bce28a978c99e431a1904208d04db48b56ee983e4a281ade80292d8c9650?s=96&d=mm&r=g","caption":"Florence Collay"},"url":"https:\/\/www.eglise-senartdraveil.fr\/index.php\/author\/flocollay\/"}]}},"views":1134,"_links":{"self":[{"href":"https:\/\/www.eglise-senartdraveil.fr\/index.php\/wp-json\/wp\/v2\/posts\/709","targetHints":{"allow":["GET"]}}],"collection":[{"href":"https:\/\/www.eglise-senartdraveil.fr\/index.php\/wp-json\/wp\/v2\/posts"}],"about":[{"href":"https:\/\/www.eglise-senartdraveil.fr\/index.php\/wp-json\/wp\/v2\/types\/post"}],"author":[{"embeddable":true,"href":"https:\/\/www.eglise-senartdraveil.fr\/index.php\/wp-json\/wp\/v2\/users\/5"}],"replies":[{"embeddable":true,"href":"https:\/\/www.eglise-senartdraveil.fr\/index.php\/wp-json\/wp\/v2\/comments?post=709"}],"version-history":[{"count":1,"href":"https:\/\/www.eglise-senartdraveil.fr\/index.php\/wp-json\/wp\/v2\/posts\/709\/revisions"}],"predecessor-version":[{"id":710,"href":"https:\/\/www.eglise-senartdraveil.fr\/index.php\/wp-json\/wp\/v2\/posts\/709\/revisions\/710"}],"wp:featuredmedia":[{"embeddable":true,"href":"https:\/\/www.eglise-senartdraveil.fr\/index.php\/wp-json\/wp\/v2\/media\/704"}],"wp:attachment":[{"href":"https:\/\/www.eglise-senartdraveil.fr\/index.php\/wp-json\/wp\/v2\/media?parent=709"}],"wp:term":[{"taxonomy":"category","embeddable":true,"href":"https:\/\/www.eglise-senartdraveil.fr\/index.php\/wp-json\/wp\/v2\/categories?post=709"},{"taxonomy":"post_tag","embeddable":true,"href":"https:\/\/www.eglise-senartdraveil.fr\/index.php\/wp-json\/wp\/v2\/tags?post=709"}],"curies":[{"name":"wp","href":"https:\/\/api.w.org\/{rel}","templated":true}]}}