{"id":1417,"date":"2021-02-04T16:51:42","date_gmt":"2021-02-04T15:51:42","guid":{"rendered":"https:\/\/www.eglise-senartdraveil.fr\/?p=1417"},"modified":"2021-02-04T16:51:43","modified_gmt":"2021-02-04T15:51:43","slug":"seigneur-tout-le-monde-te-cherche","status":"publish","type":"post","link":"https:\/\/www.eglise-senartdraveil.fr\/index.php\/editoriaux\/seigneur-tout-le-monde-te-cherche\/","title":{"rendered":"&#8221; Seigneur, tout le monde Te cherche &#8220;"},"content":{"rendered":"\n<p style=\"font-size:9px\" class=\"has-text-align-right\"><em>\u00e9vangile selon Saint Marc 1, 37)<\/em><\/p>\n\n\n\n<p>La foule, qui a \u00e9t\u00e9 gu\u00e9rie, d\u00e9livr\u00e9e du mal par J\u00e9sus, qui a entendu la Bonne Nouvelle, Le r\u00e9clame. Cette phrase des disciples \u00e0 J\u00e9sus nous interpelle en tant que membre de la pastorale de la Sant\u00e9. Envoy\u00e9 aupr\u00e8s des personnes pour \u00eatre pr\u00e9sence du Christ, bien souvent les \u00e9quipes soignantes disent \u00e0 l&#8217;aum\u00f4nier : &#8220;<em>on vous cherchait pour tel ou tel patient<\/em>&#8221; ou &#8220;<em>ils vous attendent<\/em>&#8220;.<\/p>\n\n\n\n<p>Il s\u2019agit ainsi que les personnes, qui ont un <strong>besoin pressant de rencontre<\/strong> ou <strong>veulent manifester leur foi,<\/strong> nous trouvent facilement, ne nous cherchent pas.<\/p>\n\n\n\n<p>La <strong>visite<\/strong> aux personnes en souffrance est parfois <strong>vitale<\/strong> et l&#8217;exp\u00e9rience de l&#8217;isolement excessif, v\u00e9cu \u00e0 cause de la pand\u00e9mie et qui a parfois conduit au syndrome de glissement, l&#8217;a dramatiquement illustr\u00e9.<\/p>\n\n\n\n<p>Notre mission en Pastorale de la Sant\u00e9 est de <strong>rencontrer<\/strong> des personnes en souffrance et en qu\u00eate de <strong>d\u00e9livrances<\/strong>, de <strong>gu\u00e9risons<\/strong> &#8230; <strong>pour leur manifester l\u2019Amour de Dieu<\/strong> :<br>&#8211; \u00catre pr\u00e9sence, pr\u00e9sence \u00e9vang\u00e9lique : rencontre de vuln\u00e9rabilit\u00e9s dans la confiance, la foi et l&#8217;action de gr\u00e2ce.<br>&#8211; \u00catre l\u00e0, dans le silence, dans l&#8217;humilit\u00e9 et le respect ;<br>&#8211; \u00catre attentif, sans rien forcer mais en accueillant. Accepter de ne pas avoir de r\u00e9ponse \u00e0 tout et laisser agir l\u2019Esprit.<br>&#8211; Proposer au moment opportun le sacrement des malades et accueillir la joie, m\u00eame t\u00e9nue qui \u00e9merge de la rencontre.<\/p>\n\n\n\n<p>Il y a ceux qui cherchent le Seigneur, ceux qui veulent Le rencontrer et il y en a d\u2019autres qui ne Le connaissent pas et sont en <strong>recherche de sens,<\/strong> en <strong>recherche de spiritualit\u00e9. <\/strong>Nous sommes aussi envoy\u00e9s vers eux pour leur <strong>communiquer indirectement l\u2019Amour de Dieu.<\/strong><\/p>\n\n\n\n<p>En se mettant \u00e0 l\u2019\u00e9cart pour \u00eatre en communion avec Son P\u00e8re, J\u00e9sus nous montre l&#8217;importance de la pri\u00e8re :<br>&#8211; pour offrir dans la pri\u00e8re ce qui a \u00e9t\u00e9 entendu, vu et v\u00e9cu et qui ne nous appartient pas.<br>&#8211; pour r\u00e9ajuster sans cesse la mission re\u00e7ue,<br>&#8211; pour ensuite \u00eatre envoy\u00e9s vers d&#8217;autres personnes qui cherchent le Seigneur.<\/p>\n\n\n\n<p>La voie la plus f\u00e9conde dans la mission est <strong>l\u2019enracinement au Christ<\/strong>. Quand J\u00e9sus nous rel\u00e8ve, nous guide, c&#8217;est pour nous emmener plus loin, au plus profond de nous ou vers d&#8217;autres.<\/p>\n\n\n\n<p><em><strong>\u00ab Tout le monde Te cherche \u00bb <\/strong><\/em>: recentrons nos actions vers l\u2019essentiel. J\u00e9sus ne sur-encombre pas son minist\u00e8re d\u2019occupations fastidieuses. Il \u00e9coute, il pr\u00eache, il soigne, il apaise, il console, il r\u00e9concilie&#8230; <strong>il est tout \u00e0 l\u2019Homme.<\/strong><\/p>\n\n\n\n<p>J\u00e9sus n&#8217;a cess\u00e9 de lutter contre la maladie et la mort ; il nous a laiss\u00e9 \u00e0 tous son regard et son souci des malades comme un exemple et comme une consigne.<\/p>\n\n\n\n<p>Voil\u00e0 ce dont nous avons \u00e0 t\u00e9moigner aupr\u00e8s de ceux qui Le cherchent en faisant appel \u00e0 nous.<\/p>\n\n\n\n<p>Enfin, nous faisons n\u00f4tres les propos de P\u00e8re Jean Marie Onfray* : <em>&#8220;Que ce dimanche de la sant\u00e9, propos\u00e9 aux communaut\u00e9s chr\u00e9tiennes, creuse en chacun le d\u00e9sir d&#8217;\u00eatre pr\u00e9sent l\u00e0 o\u00f9 la soif de vivre est mise en question. De plus en plus de personnes vivent une mort sociale et une mort eccl\u00e9siale qui ne peuvent que nous interroger .&#8221;<\/em><\/p>\n\n\n\n<p class=\"has-text-align-center\"><strong>Florence COLLAY<\/strong><br>aum\u00f4nier des H\u00f4pitaux de Draveil<br>coordinatrice Pastorale de la sant\u00e9 secteur de Draveil<\/p>\n\n\n\n<p class=\"has-small-font-size\">* p\u00e8re Jean Marie Onfray,<br>responsable du p\u00f4le Sant\u00e9 Justice<br>au sein du Service national Famille et Soci\u00e9t\u00e9 de la Conf\u00e9rence des \u00e9v\u00eaques de France<\/p>\n","protected":false},"excerpt":{"rendered":"<p>\u00e9vangile selon Saint Marc 1, 37) La foule, qui a \u00e9t\u00e9 gu\u00e9rie, d\u00e9livr\u00e9e du mal par J\u00e9sus, qui a entendu<\/p>\n","protected":false},"author":3,"featured_media":1418,"comment_status":"closed","ping_status":"open","sticky":false,"template":"","format":"standard","meta":{"footnotes":""},"categories":[9],"tags":[],"class_list":["post-1417","post","type-post","status-publish","format-standard","has-post-thumbnail","hentry","category-editoriaux"],"yoast_head":"<!-- This site is optimized with the Yoast SEO plugin v25.8 - https:\/\/yoast.com\/wordpress\/plugins\/seo\/ -->\n<title>&quot; Seigneur, tout le monde Te cherche &quot; - Secteur pastoral de Draveil - St-Jean-Paul II<\/title>\n<meta name=\"robots\" content=\"index, follow, max-snippet:-1, max-image-preview:large, max-video-preview:-1\" \/>\n<link rel=\"canonical\" href=\"https:\/\/www.eglise-senartdraveil.fr\/index.php\/editoriaux\/seigneur-tout-le-monde-te-cherche\/\" \/>\n<meta property=\"og:locale\" content=\"fr_FR\" \/>\n<meta property=\"og:type\" content=\"article\" \/>\n<meta property=\"og:title\" content=\"&quot; Seigneur, tout le monde Te cherche &quot; - Secteur pastoral de Draveil - St-Jean-Paul II\" \/>\n<meta property=\"og:description\" content=\"\u00e9vangile selon Saint Marc 1, 37) La foule, qui a \u00e9t\u00e9 gu\u00e9rie, d\u00e9livr\u00e9e du mal par J\u00e9sus, qui a entendu\" \/>\n<meta property=\"og:url\" content=\"https:\/\/www.eglise-senartdraveil.fr\/index.php\/editoriaux\/seigneur-tout-le-monde-te-cherche\/\" \/>\n<meta property=\"og:site_name\" content=\"Secteur pastoral de Draveil - St-Jean-Paul II\" \/>\n<meta property=\"article:published_time\" content=\"2021-02-04T15:51:42+00:00\" \/>\n<meta property=\"article:modified_time\" content=\"2021-02-04T15:51:43+00:00\" \/>\n<meta property=\"og:image\" content=\"https:\/\/www.eglise-senartdraveil.fr\/wp-content\/uploads\/2021\/02\/affiche.jpg\" \/>\n\t<meta property=\"og:image:width\" content=\"2000\" \/>\n\t<meta property=\"og:image:height\" content=\"1333\" \/>\n\t<meta property=\"og:image:type\" content=\"image\/jpeg\" \/>\n<meta name=\"twitter:card\" content=\"summary_large_image\" \/>\n<meta name=\"twitter:label1\" content=\"\u00c9crit par\" \/>\n\t<meta name=\"twitter:data1\" content=\"\" \/>\n\t<meta name=\"twitter:label2\" content=\"Dur\u00e9e de lecture estim\u00e9e\" \/>\n\t<meta name=\"twitter:data2\" content=\"3 minutes\" \/>\n<script type=\"application\/ld+json\" class=\"yoast-schema-graph\">{\"@context\":\"https:\/\/schema.org\",\"@graph\":[{\"@type\":\"WebPage\",\"@id\":\"https:\/\/www.eglise-senartdraveil.fr\/index.php\/editoriaux\/seigneur-tout-le-monde-te-cherche\/\",\"url\":\"https:\/\/www.eglise-senartdraveil.fr\/index.php\/editoriaux\/seigneur-tout-le-monde-te-cherche\/\",\"name\":\"\\\" Seigneur, tout le monde Te cherche \\\" - Secteur pastoral de Draveil - St-Jean-Paul II\",\"isPartOf\":{\"@id\":\"https:\/\/www.eglise-senartdraveil.fr\/#website\"},\"primaryImageOfPage\":{\"@id\":\"https:\/\/www.eglise-senartdraveil.fr\/index.php\/editoriaux\/seigneur-tout-le-monde-te-cherche\/#primaryimage\"},\"image\":{\"@id\":\"https:\/\/www.eglise-senartdraveil.fr\/index.php\/editoriaux\/seigneur-tout-le-monde-te-cherche\/#primaryimage\"},\"thumbnailUrl\":\"https:\/\/www.eglise-senartdraveil.fr\/wp-content\/uploads\/2021\/02\/affiche.jpg\",\"datePublished\":\"2021-02-04T15:51:42+00:00\",\"dateModified\":\"2021-02-04T15:51:43+00:00\",\"author\":{\"@id\":\"\"},\"breadcrumb\":{\"@id\":\"https:\/\/www.eglise-senartdraveil.fr\/index.php\/editoriaux\/seigneur-tout-le-monde-te-cherche\/#breadcrumb\"},\"inLanguage\":\"fr-FR\",\"potentialAction\":[{\"@type\":\"ReadAction\",\"target\":[\"https:\/\/www.eglise-senartdraveil.fr\/index.php\/editoriaux\/seigneur-tout-le-monde-te-cherche\/\"]}]},{\"@type\":\"ImageObject\",\"inLanguage\":\"fr-FR\",\"@id\":\"https:\/\/www.eglise-senartdraveil.fr\/index.php\/editoriaux\/seigneur-tout-le-monde-te-cherche\/#primaryimage\",\"url\":\"https:\/\/www.eglise-senartdraveil.fr\/wp-content\/uploads\/2021\/02\/affiche.jpg\",\"contentUrl\":\"https:\/\/www.eglise-senartdraveil.fr\/wp-content\/uploads\/2021\/02\/affiche.jpg\",\"width\":2000,\"height\":1333},{\"@type\":\"BreadcrumbList\",\"@id\":\"https:\/\/www.eglise-senartdraveil.fr\/index.php\/editoriaux\/seigneur-tout-le-monde-te-cherche\/#breadcrumb\",\"itemListElement\":[{\"@type\":\"ListItem\",\"position\":1,\"name\":\"Home\",\"item\":\"https:\/\/www.eglise-senartdraveil.fr\/\"},{\"@type\":\"ListItem\",\"position\":2,\"name\":\"\u00a0\u00bb Seigneur, tout le monde Te cherche \u00ab\u00a0\"}]},{\"@type\":\"WebSite\",\"@id\":\"https:\/\/www.eglise-senartdraveil.fr\/#website\",\"url\":\"https:\/\/www.eglise-senartdraveil.fr\/\",\"name\":\"Secteur pastoral de Draveil - St-Jean-Paul II\",\"description\":\"\",\"potentialAction\":[{\"@type\":\"SearchAction\",\"target\":{\"@type\":\"EntryPoint\",\"urlTemplate\":\"https:\/\/www.eglise-senartdraveil.fr\/?s={search_term_string}\"},\"query-input\":{\"@type\":\"PropertyValueSpecification\",\"valueRequired\":true,\"valueName\":\"search_term_string\"}}],\"inLanguage\":\"fr-FR\"},{\"@type\":\"Person\",\"@id\":\"\",\"url\":\"https:\/\/www.eglise-senartdraveil.fr\/index.php\/author\/\"}]}<\/script>\n<!-- \/ Yoast SEO plugin. -->","yoast_head_json":{"title":"\" Seigneur, tout le monde Te cherche \" - Secteur pastoral de Draveil - St-Jean-Paul II","robots":{"index":"index","follow":"follow","max-snippet":"max-snippet:-1","max-image-preview":"max-image-preview:large","max-video-preview":"max-video-preview:-1"},"canonical":"https:\/\/www.eglise-senartdraveil.fr\/index.php\/editoriaux\/seigneur-tout-le-monde-te-cherche\/","og_locale":"fr_FR","og_type":"article","og_title":"\" Seigneur, tout le monde Te cherche \" - Secteur pastoral de Draveil - St-Jean-Paul II","og_description":"\u00e9vangile selon Saint Marc 1, 37) La foule, qui a \u00e9t\u00e9 gu\u00e9rie, d\u00e9livr\u00e9e du mal par J\u00e9sus, qui a entendu","og_url":"https:\/\/www.eglise-senartdraveil.fr\/index.php\/editoriaux\/seigneur-tout-le-monde-te-cherche\/","og_site_name":"Secteur pastoral de Draveil - St-Jean-Paul II","article_published_time":"2021-02-04T15:51:42+00:00","article_modified_time":"2021-02-04T15:51:43+00:00","og_image":[{"width":2000,"height":1333,"url":"https:\/\/www.eglise-senartdraveil.fr\/wp-content\/uploads\/2021\/02\/affiche.jpg","type":"image\/jpeg"}],"twitter_card":"summary_large_image","twitter_misc":{"\u00c9crit par":"","Dur\u00e9e de lecture estim\u00e9e":"3 minutes"},"schema":{"@context":"https:\/\/schema.org","@graph":[{"@type":"WebPage","@id":"https:\/\/www.eglise-senartdraveil.fr\/index.php\/editoriaux\/seigneur-tout-le-monde-te-cherche\/","url":"https:\/\/www.eglise-senartdraveil.fr\/index.php\/editoriaux\/seigneur-tout-le-monde-te-cherche\/","name":"\" Seigneur, tout le monde Te cherche \" - Secteur pastoral de Draveil - St-Jean-Paul II","isPartOf":{"@id":"https:\/\/www.eglise-senartdraveil.fr\/#website"},"primaryImageOfPage":{"@id":"https:\/\/www.eglise-senartdraveil.fr\/index.php\/editoriaux\/seigneur-tout-le-monde-te-cherche\/#primaryimage"},"image":{"@id":"https:\/\/www.eglise-senartdraveil.fr\/index.php\/editoriaux\/seigneur-tout-le-monde-te-cherche\/#primaryimage"},"thumbnailUrl":"https:\/\/www.eglise-senartdraveil.fr\/wp-content\/uploads\/2021\/02\/affiche.jpg","datePublished":"2021-02-04T15:51:42+00:00","dateModified":"2021-02-04T15:51:43+00:00","author":{"@id":""},"breadcrumb":{"@id":"https:\/\/www.eglise-senartdraveil.fr\/index.php\/editoriaux\/seigneur-tout-le-monde-te-cherche\/#breadcrumb"},"inLanguage":"fr-FR","potentialAction":[{"@type":"ReadAction","target":["https:\/\/www.eglise-senartdraveil.fr\/index.php\/editoriaux\/seigneur-tout-le-monde-te-cherche\/"]}]},{"@type":"ImageObject","inLanguage":"fr-FR","@id":"https:\/\/www.eglise-senartdraveil.fr\/index.php\/editoriaux\/seigneur-tout-le-monde-te-cherche\/#primaryimage","url":"https:\/\/www.eglise-senartdraveil.fr\/wp-content\/uploads\/2021\/02\/affiche.jpg","contentUrl":"https:\/\/www.eglise-senartdraveil.fr\/wp-content\/uploads\/2021\/02\/affiche.jpg","width":2000,"height":1333},{"@type":"BreadcrumbList","@id":"https:\/\/www.eglise-senartdraveil.fr\/index.php\/editoriaux\/seigneur-tout-le-monde-te-cherche\/#breadcrumb","itemListElement":[{"@type":"ListItem","position":1,"name":"Home","item":"https:\/\/www.eglise-senartdraveil.fr\/"},{"@type":"ListItem","position":2,"name":"\u00a0\u00bb Seigneur, tout le monde Te cherche \u00ab\u00a0"}]},{"@type":"WebSite","@id":"https:\/\/www.eglise-senartdraveil.fr\/#website","url":"https:\/\/www.eglise-senartdraveil.fr\/","name":"Secteur pastoral de Draveil - St-Jean-Paul II","description":"","potentialAction":[{"@type":"SearchAction","target":{"@type":"EntryPoint","urlTemplate":"https:\/\/www.eglise-senartdraveil.fr\/?s={search_term_string}"},"query-input":{"@type":"PropertyValueSpecification","valueRequired":true,"valueName":"search_term_string"}}],"inLanguage":"fr-FR"},{"@type":"Person","@id":"","url":"https:\/\/www.eglise-senartdraveil.fr\/index.php\/author\/"}]}},"views":2572,"_links":{"self":[{"href":"https:\/\/www.eglise-senartdraveil.fr\/index.php\/wp-json\/wp\/v2\/posts\/1417","targetHints":{"allow":["GET"]}}],"collection":[{"href":"https:\/\/www.eglise-senartdraveil.fr\/index.php\/wp-json\/wp\/v2\/posts"}],"about":[{"href":"https:\/\/www.eglise-senartdraveil.fr\/index.php\/wp-json\/wp\/v2\/types\/post"}],"author":[{"embeddable":true,"href":"https:\/\/www.eglise-senartdraveil.fr\/index.php\/wp-json\/wp\/v2\/users\/3"}],"replies":[{"embeddable":true,"href":"https:\/\/www.eglise-senartdraveil.fr\/index.php\/wp-json\/wp\/v2\/comments?post=1417"}],"version-history":[{"count":1,"href":"https:\/\/www.eglise-senartdraveil.fr\/index.php\/wp-json\/wp\/v2\/posts\/1417\/revisions"}],"predecessor-version":[{"id":1419,"href":"https:\/\/www.eglise-senartdraveil.fr\/index.php\/wp-json\/wp\/v2\/posts\/1417\/revisions\/1419"}],"wp:featuredmedia":[{"embeddable":true,"href":"https:\/\/www.eglise-senartdraveil.fr\/index.php\/wp-json\/wp\/v2\/media\/1418"}],"wp:attachment":[{"href":"https:\/\/www.eglise-senartdraveil.fr\/index.php\/wp-json\/wp\/v2\/media?parent=1417"}],"wp:term":[{"taxonomy":"category","embeddable":true,"href":"https:\/\/www.eglise-senartdraveil.fr\/index.php\/wp-json\/wp\/v2\/categories?post=1417"},{"taxonomy":"post_tag","embeddable":true,"href":"https:\/\/www.eglise-senartdraveil.fr\/index.php\/wp-json\/wp\/v2\/tags?post=1417"}],"curies":[{"name":"wp","href":"https:\/\/api.w.org\/{rel}","templated":true}]}}