{"id":1385,"date":"2021-01-06T17:59:52","date_gmt":"2021-01-06T16:59:52","guid":{"rendered":"https:\/\/www.eglise-senartdraveil.fr\/?p=1385"},"modified":"2021-01-06T17:59:53","modified_gmt":"2021-01-06T16:59:53","slug":"aujourdhui-vous-est-ne-un-sauveur-qui-est-le-christ","status":"publish","type":"post","link":"https:\/\/www.eglise-senartdraveil.fr\/index.php\/editoriaux\/aujourdhui-vous-est-ne-un-sauveur-qui-est-le-christ\/","title":{"rendered":"\u2018\u2019Aujourd\u2019hui, vous est n\u00e9 un Sauveur qui est le Christ\u2019\u2019"},"content":{"rendered":"\n<p>Cette bonne nouvelle annonc\u00e9e par l\u2019ange aux bergers de Bethl\u00e9em est celle que l\u2019Eglise nous fait entendre dans la liturgie de la nuit de No\u00ebl. Elle est porteuse d\u2019espoir et de joie pour chacun d\u2019entre nous particuli\u00e8rement dans le contexte sanitaire actuel. Alors que nous traversons un moment difficile d\u00fb \u00e0 la pand\u00e9mie de Covid 19, cette bonne nouvelle de la naissance du Sauveur et Seigneur nous rappelle que Dieu nous aime toujours et veut notre bien. Par son Fils venu habiter notre monde, il nous a tout donn\u00e9 afin nous vivions dans l\u2019amour, la joie et l\u2019esp\u00e9rance.\u00a0<\/p>\n\n\n\n<p>No\u00ebl c\u2019est la f\u00eate de l\u2019amour de Dieu pour les hommes. \u2018\u2019Dieu a tant aim\u00e9 le monde qu\u2019il a donn\u00e9 son Fils\u2019\u2019 \u00e9crit saint Jean. Si Dieu, par la naissance du Messie, nous a t\u00e9moign\u00e9 de son amour, c\u2019est pour que nous aussi nous puissions faire de m\u00eame les uns envers les autres. Il s\u2019agit pour nous d\u2019entrer dans ce grand courant d\u2019amour que la naissance du Sauveur a instaur\u00e9 et que toutes les f\u00eates de No\u00ebl veulent toujours raviver. L\u2019amour nous rend proches les uns des autres et nous permet de mieux vivre une vraie fraternit\u00e9.<\/p>\n\n\n\n<p>L\u2019amour est source de joie. L\u00e0 o\u00f9 les hommes s\u2019aiment, la joie rayonne. Dieu nous aime et il a rempli nos c\u0153urs de joie par la naissance de J\u00e9sus-Christ. &nbsp;Cette joie venue de Dieu est un don \u00e0 partager avec les autres. Le P\u00e8re nous comble de joie pour que nous allions la semer dans les c\u0153urs tristes et afflig\u00e9s, dans les c\u0153urs des personnes seules, isol\u00e9es ou malades qui sont nombreuses en ce temps de pand\u00e9mie de Covid 19.<\/p>\n\n\n\n<p>&nbsp;No\u00ebl nous rappelle que le Fils de Dieu fait homme est notre esp\u00e9rance. Aujourd\u2019hui, nous ne pouvons que compter sur lui pour sortir de cette situation d\u00e9licate dans laquelle un malicieux virus nous a plong\u00e9s afin de vivre cette nouvelle ann\u00e9e dans les meilleures conditions. Ne d\u00e9sesp\u00e9rons pas. Car l\u2019Enfant de Bethl\u00e9em, c\u2019est Emmanuel, Dieu-avec-nous.<\/p>\n\n\n\n<p>Joyeux No\u00ebl&nbsp;! Bonne et heureuse ann\u00e9e d\u2019esp\u00e9rance&nbsp;! &nbsp;&nbsp;<\/p>\n","protected":false},"excerpt":{"rendered":"<p>Cette bonne nouvelle annonc\u00e9e par l\u2019ange aux bergers de Bethl\u00e9em est celle que l\u2019Eglise nous fait entendre dans la liturgie<\/p>\n","protected":false},"author":7,"featured_media":1386,"comment_status":"closed","ping_status":"open","sticky":false,"template":"","format":"standard","meta":{"footnotes":""},"categories":[9],"tags":[],"class_list":["post-1385","post","type-post","status-publish","format-standard","has-post-thumbnail","hentry","category-editoriaux"],"yoast_head":"<!-- This site is optimized with the Yoast SEO plugin v25.8 - https:\/\/yoast.com\/wordpress\/plugins\/seo\/ -->\n<title>\u2018\u2019Aujourd\u2019hui, vous est n\u00e9 un Sauveur qui est le Christ\u2019\u2019 - Secteur pastoral de Draveil - St-Jean-Paul II<\/title>\n<meta name=\"robots\" content=\"index, follow, max-snippet:-1, max-image-preview:large, max-video-preview:-1\" \/>\n<link rel=\"canonical\" href=\"https:\/\/www.eglise-senartdraveil.fr\/index.php\/editoriaux\/aujourdhui-vous-est-ne-un-sauveur-qui-est-le-christ\/\" \/>\n<meta property=\"og:locale\" content=\"fr_FR\" \/>\n<meta property=\"og:type\" content=\"article\" \/>\n<meta property=\"og:title\" content=\"\u2018\u2019Aujourd\u2019hui, vous est n\u00e9 un Sauveur qui est le Christ\u2019\u2019 - Secteur pastoral de Draveil - St-Jean-Paul II\" \/>\n<meta property=\"og:description\" content=\"Cette bonne nouvelle annonc\u00e9e par l\u2019ange aux bergers de Bethl\u00e9em est celle que l\u2019Eglise nous fait entendre dans la liturgie\" \/>\n<meta property=\"og:url\" content=\"https:\/\/www.eglise-senartdraveil.fr\/index.php\/editoriaux\/aujourdhui-vous-est-ne-un-sauveur-qui-est-le-christ\/\" \/>\n<meta property=\"og:site_name\" content=\"Secteur pastoral de Draveil - St-Jean-Paul II\" \/>\n<meta property=\"article:published_time\" content=\"2021-01-06T16:59:52+00:00\" \/>\n<meta property=\"article:modified_time\" content=\"2021-01-06T16:59:53+00:00\" \/>\n<meta property=\"og:image\" content=\"https:\/\/www.eglise-senartdraveil.fr\/wp-content\/uploads\/2021\/01\/advent-1577139_640.jpg\" \/>\n\t<meta property=\"og:image:width\" content=\"640\" \/>\n\t<meta property=\"og:image:height\" content=\"426\" \/>\n\t<meta property=\"og:image:type\" content=\"image\/jpeg\" \/>\n<meta name=\"author\" content=\"Guy-Bruno Okosso\" \/>\n<meta name=\"twitter:card\" content=\"summary_large_image\" \/>\n<meta name=\"twitter:label1\" content=\"\u00c9crit par\" \/>\n\t<meta name=\"twitter:data1\" content=\"Guy-Bruno Okosso\" \/>\n\t<meta name=\"twitter:label2\" content=\"Dur\u00e9e de lecture estim\u00e9e\" \/>\n\t<meta name=\"twitter:data2\" content=\"2 minutes\" \/>\n<script type=\"application\/ld+json\" class=\"yoast-schema-graph\">{\"@context\":\"https:\/\/schema.org\",\"@graph\":[{\"@type\":\"WebPage\",\"@id\":\"https:\/\/www.eglise-senartdraveil.fr\/index.php\/editoriaux\/aujourdhui-vous-est-ne-un-sauveur-qui-est-le-christ\/\",\"url\":\"https:\/\/www.eglise-senartdraveil.fr\/index.php\/editoriaux\/aujourdhui-vous-est-ne-un-sauveur-qui-est-le-christ\/\",\"name\":\"\u2018\u2019Aujourd\u2019hui, vous est n\u00e9 un Sauveur qui est le Christ\u2019\u2019 - Secteur pastoral de Draveil - St-Jean-Paul II\",\"isPartOf\":{\"@id\":\"https:\/\/www.eglise-senartdraveil.fr\/#website\"},\"primaryImageOfPage\":{\"@id\":\"https:\/\/www.eglise-senartdraveil.fr\/index.php\/editoriaux\/aujourdhui-vous-est-ne-un-sauveur-qui-est-le-christ\/#primaryimage\"},\"image\":{\"@id\":\"https:\/\/www.eglise-senartdraveil.fr\/index.php\/editoriaux\/aujourdhui-vous-est-ne-un-sauveur-qui-est-le-christ\/#primaryimage\"},\"thumbnailUrl\":\"https:\/\/www.eglise-senartdraveil.fr\/wp-content\/uploads\/2021\/01\/advent-1577139_640.jpg\",\"datePublished\":\"2021-01-06T16:59:52+00:00\",\"dateModified\":\"2021-01-06T16:59:53+00:00\",\"author\":{\"@id\":\"https:\/\/www.eglise-senartdraveil.fr\/#\/schema\/person\/0f33f12a6717161225fadb36b3adb60d\"},\"breadcrumb\":{\"@id\":\"https:\/\/www.eglise-senartdraveil.fr\/index.php\/editoriaux\/aujourdhui-vous-est-ne-un-sauveur-qui-est-le-christ\/#breadcrumb\"},\"inLanguage\":\"fr-FR\",\"potentialAction\":[{\"@type\":\"ReadAction\",\"target\":[\"https:\/\/www.eglise-senartdraveil.fr\/index.php\/editoriaux\/aujourdhui-vous-est-ne-un-sauveur-qui-est-le-christ\/\"]}]},{\"@type\":\"ImageObject\",\"inLanguage\":\"fr-FR\",\"@id\":\"https:\/\/www.eglise-senartdraveil.fr\/index.php\/editoriaux\/aujourdhui-vous-est-ne-un-sauveur-qui-est-le-christ\/#primaryimage\",\"url\":\"https:\/\/www.eglise-senartdraveil.fr\/wp-content\/uploads\/2021\/01\/advent-1577139_640.jpg\",\"contentUrl\":\"https:\/\/www.eglise-senartdraveil.fr\/wp-content\/uploads\/2021\/01\/advent-1577139_640.jpg\",\"width\":640,\"height\":426},{\"@type\":\"BreadcrumbList\",\"@id\":\"https:\/\/www.eglise-senartdraveil.fr\/index.php\/editoriaux\/aujourdhui-vous-est-ne-un-sauveur-qui-est-le-christ\/#breadcrumb\",\"itemListElement\":[{\"@type\":\"ListItem\",\"position\":1,\"name\":\"Home\",\"item\":\"https:\/\/www.eglise-senartdraveil.fr\/\"},{\"@type\":\"ListItem\",\"position\":2,\"name\":\"\u2018\u2019Aujourd\u2019hui, vous est n\u00e9 un Sauveur qui est le Christ\u2019\u2019\"}]},{\"@type\":\"WebSite\",\"@id\":\"https:\/\/www.eglise-senartdraveil.fr\/#website\",\"url\":\"https:\/\/www.eglise-senartdraveil.fr\/\",\"name\":\"Secteur pastoral de Draveil - St-Jean-Paul II\",\"description\":\"\",\"potentialAction\":[{\"@type\":\"SearchAction\",\"target\":{\"@type\":\"EntryPoint\",\"urlTemplate\":\"https:\/\/www.eglise-senartdraveil.fr\/?s={search_term_string}\"},\"query-input\":{\"@type\":\"PropertyValueSpecification\",\"valueRequired\":true,\"valueName\":\"search_term_string\"}}],\"inLanguage\":\"fr-FR\"},{\"@type\":\"Person\",\"@id\":\"https:\/\/www.eglise-senartdraveil.fr\/#\/schema\/person\/0f33f12a6717161225fadb36b3adb60d\",\"name\":\"Guy-Bruno Okosso\",\"image\":{\"@type\":\"ImageObject\",\"inLanguage\":\"fr-FR\",\"@id\":\"https:\/\/www.eglise-senartdraveil.fr\/#\/schema\/person\/image\/\",\"url\":\"https:\/\/secure.gravatar.com\/avatar\/df00775d21888952cd38722e69e6de5a5bcb893e689481986417f9d6022817aa?s=96&d=mm&r=g\",\"contentUrl\":\"https:\/\/secure.gravatar.com\/avatar\/df00775d21888952cd38722e69e6de5a5bcb893e689481986417f9d6022817aa?s=96&d=mm&r=g\",\"caption\":\"Guy-Bruno Okosso\"},\"url\":\"https:\/\/www.eglise-senartdraveil.fr\/index.php\/author\/guy\/\"}]}<\/script>\n<!-- \/ Yoast SEO plugin. -->","yoast_head_json":{"title":"\u2018\u2019Aujourd\u2019hui, vous est n\u00e9 un Sauveur qui est le Christ\u2019\u2019 - Secteur pastoral de Draveil - St-Jean-Paul II","robots":{"index":"index","follow":"follow","max-snippet":"max-snippet:-1","max-image-preview":"max-image-preview:large","max-video-preview":"max-video-preview:-1"},"canonical":"https:\/\/www.eglise-senartdraveil.fr\/index.php\/editoriaux\/aujourdhui-vous-est-ne-un-sauveur-qui-est-le-christ\/","og_locale":"fr_FR","og_type":"article","og_title":"\u2018\u2019Aujourd\u2019hui, vous est n\u00e9 un Sauveur qui est le Christ\u2019\u2019 - Secteur pastoral de Draveil - St-Jean-Paul II","og_description":"Cette bonne nouvelle annonc\u00e9e par l\u2019ange aux bergers de Bethl\u00e9em est celle que l\u2019Eglise nous fait entendre dans la liturgie","og_url":"https:\/\/www.eglise-senartdraveil.fr\/index.php\/editoriaux\/aujourdhui-vous-est-ne-un-sauveur-qui-est-le-christ\/","og_site_name":"Secteur pastoral de Draveil - St-Jean-Paul II","article_published_time":"2021-01-06T16:59:52+00:00","article_modified_time":"2021-01-06T16:59:53+00:00","og_image":[{"width":640,"height":426,"url":"https:\/\/www.eglise-senartdraveil.fr\/wp-content\/uploads\/2021\/01\/advent-1577139_640.jpg","type":"image\/jpeg"}],"author":"Guy-Bruno Okosso","twitter_card":"summary_large_image","twitter_misc":{"\u00c9crit par":"Guy-Bruno Okosso","Dur\u00e9e de lecture estim\u00e9e":"2 minutes"},"schema":{"@context":"https:\/\/schema.org","@graph":[{"@type":"WebPage","@id":"https:\/\/www.eglise-senartdraveil.fr\/index.php\/editoriaux\/aujourdhui-vous-est-ne-un-sauveur-qui-est-le-christ\/","url":"https:\/\/www.eglise-senartdraveil.fr\/index.php\/editoriaux\/aujourdhui-vous-est-ne-un-sauveur-qui-est-le-christ\/","name":"\u2018\u2019Aujourd\u2019hui, vous est n\u00e9 un Sauveur qui est le Christ\u2019\u2019 - Secteur pastoral de Draveil - St-Jean-Paul II","isPartOf":{"@id":"https:\/\/www.eglise-senartdraveil.fr\/#website"},"primaryImageOfPage":{"@id":"https:\/\/www.eglise-senartdraveil.fr\/index.php\/editoriaux\/aujourdhui-vous-est-ne-un-sauveur-qui-est-le-christ\/#primaryimage"},"image":{"@id":"https:\/\/www.eglise-senartdraveil.fr\/index.php\/editoriaux\/aujourdhui-vous-est-ne-un-sauveur-qui-est-le-christ\/#primaryimage"},"thumbnailUrl":"https:\/\/www.eglise-senartdraveil.fr\/wp-content\/uploads\/2021\/01\/advent-1577139_640.jpg","datePublished":"2021-01-06T16:59:52+00:00","dateModified":"2021-01-06T16:59:53+00:00","author":{"@id":"https:\/\/www.eglise-senartdraveil.fr\/#\/schema\/person\/0f33f12a6717161225fadb36b3adb60d"},"breadcrumb":{"@id":"https:\/\/www.eglise-senartdraveil.fr\/index.php\/editoriaux\/aujourdhui-vous-est-ne-un-sauveur-qui-est-le-christ\/#breadcrumb"},"inLanguage":"fr-FR","potentialAction":[{"@type":"ReadAction","target":["https:\/\/www.eglise-senartdraveil.fr\/index.php\/editoriaux\/aujourdhui-vous-est-ne-un-sauveur-qui-est-le-christ\/"]}]},{"@type":"ImageObject","inLanguage":"fr-FR","@id":"https:\/\/www.eglise-senartdraveil.fr\/index.php\/editoriaux\/aujourdhui-vous-est-ne-un-sauveur-qui-est-le-christ\/#primaryimage","url":"https:\/\/www.eglise-senartdraveil.fr\/wp-content\/uploads\/2021\/01\/advent-1577139_640.jpg","contentUrl":"https:\/\/www.eglise-senartdraveil.fr\/wp-content\/uploads\/2021\/01\/advent-1577139_640.jpg","width":640,"height":426},{"@type":"BreadcrumbList","@id":"https:\/\/www.eglise-senartdraveil.fr\/index.php\/editoriaux\/aujourdhui-vous-est-ne-un-sauveur-qui-est-le-christ\/#breadcrumb","itemListElement":[{"@type":"ListItem","position":1,"name":"Home","item":"https:\/\/www.eglise-senartdraveil.fr\/"},{"@type":"ListItem","position":2,"name":"\u2018\u2019Aujourd\u2019hui, vous est n\u00e9 un Sauveur qui est le Christ\u2019\u2019"}]},{"@type":"WebSite","@id":"https:\/\/www.eglise-senartdraveil.fr\/#website","url":"https:\/\/www.eglise-senartdraveil.fr\/","name":"Secteur pastoral de Draveil - St-Jean-Paul II","description":"","potentialAction":[{"@type":"SearchAction","target":{"@type":"EntryPoint","urlTemplate":"https:\/\/www.eglise-senartdraveil.fr\/?s={search_term_string}"},"query-input":{"@type":"PropertyValueSpecification","valueRequired":true,"valueName":"search_term_string"}}],"inLanguage":"fr-FR"},{"@type":"Person","@id":"https:\/\/www.eglise-senartdraveil.fr\/#\/schema\/person\/0f33f12a6717161225fadb36b3adb60d","name":"Guy-Bruno Okosso","image":{"@type":"ImageObject","inLanguage":"fr-FR","@id":"https:\/\/www.eglise-senartdraveil.fr\/#\/schema\/person\/image\/","url":"https:\/\/secure.gravatar.com\/avatar\/df00775d21888952cd38722e69e6de5a5bcb893e689481986417f9d6022817aa?s=96&d=mm&r=g","contentUrl":"https:\/\/secure.gravatar.com\/avatar\/df00775d21888952cd38722e69e6de5a5bcb893e689481986417f9d6022817aa?s=96&d=mm&r=g","caption":"Guy-Bruno Okosso"},"url":"https:\/\/www.eglise-senartdraveil.fr\/index.php\/author\/guy\/"}]}},"views":2468,"_links":{"self":[{"href":"https:\/\/www.eglise-senartdraveil.fr\/index.php\/wp-json\/wp\/v2\/posts\/1385","targetHints":{"allow":["GET"]}}],"collection":[{"href":"https:\/\/www.eglise-senartdraveil.fr\/index.php\/wp-json\/wp\/v2\/posts"}],"about":[{"href":"https:\/\/www.eglise-senartdraveil.fr\/index.php\/wp-json\/wp\/v2\/types\/post"}],"author":[{"embeddable":true,"href":"https:\/\/www.eglise-senartdraveil.fr\/index.php\/wp-json\/wp\/v2\/users\/7"}],"replies":[{"embeddable":true,"href":"https:\/\/www.eglise-senartdraveil.fr\/index.php\/wp-json\/wp\/v2\/comments?post=1385"}],"version-history":[{"count":1,"href":"https:\/\/www.eglise-senartdraveil.fr\/index.php\/wp-json\/wp\/v2\/posts\/1385\/revisions"}],"predecessor-version":[{"id":1387,"href":"https:\/\/www.eglise-senartdraveil.fr\/index.php\/wp-json\/wp\/v2\/posts\/1385\/revisions\/1387"}],"wp:featuredmedia":[{"embeddable":true,"href":"https:\/\/www.eglise-senartdraveil.fr\/index.php\/wp-json\/wp\/v2\/media\/1386"}],"wp:attachment":[{"href":"https:\/\/www.eglise-senartdraveil.fr\/index.php\/wp-json\/wp\/v2\/media?parent=1385"}],"wp:term":[{"taxonomy":"category","embeddable":true,"href":"https:\/\/www.eglise-senartdraveil.fr\/index.php\/wp-json\/wp\/v2\/categories?post=1385"},{"taxonomy":"post_tag","embeddable":true,"href":"https:\/\/www.eglise-senartdraveil.fr\/index.php\/wp-json\/wp\/v2\/tags?post=1385"}],"curies":[{"name":"wp","href":"https:\/\/api.w.org\/{rel}","templated":true}]}}