{"id":1297,"date":"2020-12-17T17:57:45","date_gmt":"2020-12-17T16:57:45","guid":{"rendered":"https:\/\/www.eglise-senartdraveil.fr\/?p=1297"},"modified":"2020-12-17T17:59:10","modified_gmt":"2020-12-17T16:59:10","slug":"nous-voici-dans-le-temps-de-noel","status":"publish","type":"post","link":"https:\/\/www.eglise-senartdraveil.fr\/index.php\/non-classe\/nous-voici-dans-le-temps-de-noel\/","title":{"rendered":"Nous voici dans le temps de No\u00ebl"},"content":{"rendered":"\n<p>Nos vies sont bouscul\u00e9es, chamboul\u00e9es mais NO\u00cbL est l\u00e0 pour nous rappeler que le Seigneur est venu habiter parmi nous.<\/p>\n\n\n\n<p><strong>L\u2019Enfant, L\u2019Emmanuel a pris chair&nbsp;!<\/strong><\/p>\n\n\n\n<p><em><strong>Le peuple qui marchait dans les t\u00e9n\u00e8bres&nbsp;<\/strong><\/em><br><em><strong>a vu se lever une grande lumi\u00e8re ;&nbsp;<\/strong><\/em><br><em><strong>et sur les habitants du pays de l\u2019ombre,&nbsp;<\/strong><\/em><br><em><strong>une lumi\u00e8re a resplendi.&nbsp;<\/strong><\/em><br>(Is 9, 1 )<\/p>\n\n\n\n<p><strong>Nous sommes tous et toutes \u00e0 l\u2019image du P\u00e8re, Alors, terminons cette ann\u00e9e 2020 tr\u00e8s particuli\u00e8re, en prenant soin des plus petits, des plus fragiles qui nous entourent.<\/strong><\/p>\n\n\n\n<figure class=\"wp-block-image size-large\"><img loading=\"lazy\" decoding=\"async\" width=\"1024\" height=\"840\" src=\"https:\/\/www.eglise-senartdraveil.fr\/wp-content\/uploads\/2020\/12\/image_2020-12-17_175709-1024x840.png\" alt=\"\" class=\"wp-image-1298\" srcset=\"https:\/\/www.eglise-senartdraveil.fr\/wp-content\/uploads\/2020\/12\/image_2020-12-17_175709-1024x840.png 1024w, https:\/\/www.eglise-senartdraveil.fr\/wp-content\/uploads\/2020\/12\/image_2020-12-17_175709-300x246.png 300w, https:\/\/www.eglise-senartdraveil.fr\/wp-content\/uploads\/2020\/12\/image_2020-12-17_175709-768x630.png 768w, https:\/\/www.eglise-senartdraveil.fr\/wp-content\/uploads\/2020\/12\/image_2020-12-17_175709-1536x1261.png 1536w, https:\/\/www.eglise-senartdraveil.fr\/wp-content\/uploads\/2020\/12\/image_2020-12-17_175709-2048x1681.png 2048w\" sizes=\"auto, (max-width: 1024px) 100vw, 1024px\" \/><\/figure>\n\n\n\n<p><strong>Lors des messes de No\u00ebl et de celles qui suivront avec des limitations de places, pensons \u00e0 faire en sorte que ceux qui sont dans la peine, qui sont bless\u00e9s, qui en ont plus besoin que nous, dans leur vie de chr\u00e9tien, puissent y participer. Et si nous ne pouvons pas , nous, entrer par manque de place, trouvons un autre moyen d\u2019Etre Eucharistie pour le monde. Il nous est propos\u00e9 des liturgies familiales par notre secteur et par notre dioc\u00e8se. Allons y chercher des id\u00e9es pour faire Eglise en famille, \u00e0 la maison.<\/strong><\/p>\n\n\n\n<p><strong>Tout lieu est Sacr\u00e9, \u00e0 partir du moment ou 2 ou 3 sont r\u00e9unis au nom de J\u00e9sus-Christ&nbsp;!<\/strong><\/p>\n\n\n\n<p><strong>2021 sera de toute fa\u00e7on une ann\u00e9e particuli\u00e8re, nous ne savons pas ce qu\u2019elle sera. Elle nous r\u00e9servera du jamais v\u00e9cu de toute fa\u00e7on, alors avan\u00e7ons dans la confiance. Osons nous approcher de notre fr\u00e8re, de notre s\u0153ur dans la d\u00e9tresse.<\/strong><\/p>\n\n\n\n<p><strong>Notre synode dioc\u00e9sain nous dit&nbsp;: Evang\u00e9lisez en PRENANT SOIN&nbsp;! Alors soyons des chr\u00e9tiens en Actes.<\/strong><\/p>\n\n\n\n<p><strong>Cette ann\u00e9e 2021 sera aussi une ann\u00e9e avec Saint Joseph&nbsp;:<\/strong><\/p>\n\n\n\n<p><strong>Belle Nouvelle Ann\u00e9e<\/strong><\/p>\n\n\n\n<p>Franck diacre permanent<\/p>\n","protected":false},"excerpt":{"rendered":"<p>Nos vies sont bouscul\u00e9es, chamboul\u00e9es mais NO\u00cbL est l\u00e0 pour nous rappeler que le Seigneur est venu habiter parmi nous.<\/p>\n","protected":false},"author":9,"featured_media":1298,"comment_status":"closed","ping_status":"open","sticky":false,"template":"","format":"standard","meta":{"footnotes":""},"categories":[9,1],"tags":[],"class_list":["post-1297","post","type-post","status-publish","format-standard","has-post-thumbnail","hentry","category-editoriaux","category-non-classe"],"yoast_head":"<!-- This site is optimized with the Yoast SEO plugin v25.8 - https:\/\/yoast.com\/wordpress\/plugins\/seo\/ -->\n<title>Nous voici dans le temps de No\u00ebl - Secteur pastoral de Draveil - St-Jean-Paul II<\/title>\n<meta name=\"robots\" content=\"index, follow, max-snippet:-1, max-image-preview:large, max-video-preview:-1\" \/>\n<link rel=\"canonical\" href=\"https:\/\/www.eglise-senartdraveil.fr\/index.php\/non-classe\/nous-voici-dans-le-temps-de-noel\/\" \/>\n<meta property=\"og:locale\" content=\"fr_FR\" \/>\n<meta property=\"og:type\" content=\"article\" \/>\n<meta property=\"og:title\" content=\"Nous voici dans le temps de No\u00ebl - Secteur pastoral de Draveil - St-Jean-Paul II\" \/>\n<meta property=\"og:description\" content=\"Nos vies sont bouscul\u00e9es, chamboul\u00e9es mais NO\u00cbL est l\u00e0 pour nous rappeler que le Seigneur est venu habiter parmi nous.\" \/>\n<meta property=\"og:url\" content=\"https:\/\/www.eglise-senartdraveil.fr\/index.php\/non-classe\/nous-voici-dans-le-temps-de-noel\/\" \/>\n<meta property=\"og:site_name\" content=\"Secteur pastoral de Draveil - St-Jean-Paul II\" \/>\n<meta property=\"article:published_time\" content=\"2020-12-17T16:57:45+00:00\" \/>\n<meta property=\"article:modified_time\" content=\"2020-12-17T16:59:10+00:00\" \/>\n<meta property=\"og:image\" content=\"https:\/\/www.eglise-senartdraveil.fr\/wp-content\/uploads\/2020\/12\/image_2020-12-17_175709-1024x840.png\" \/>\n\t<meta property=\"og:image:width\" content=\"1024\" \/>\n\t<meta property=\"og:image:height\" content=\"840\" \/>\n\t<meta property=\"og:image:type\" content=\"image\/png\" \/>\n<meta name=\"author\" content=\"Franck Pillard\" \/>\n<meta name=\"twitter:card\" content=\"summary_large_image\" \/>\n<meta name=\"twitter:label1\" content=\"\u00c9crit par\" \/>\n\t<meta name=\"twitter:data1\" content=\"Franck Pillard\" \/>\n\t<meta name=\"twitter:label2\" content=\"Dur\u00e9e de lecture estim\u00e9e\" \/>\n\t<meta name=\"twitter:data2\" content=\"2 minutes\" \/>\n<script type=\"application\/ld+json\" class=\"yoast-schema-graph\">{\"@context\":\"https:\/\/schema.org\",\"@graph\":[{\"@type\":\"WebPage\",\"@id\":\"https:\/\/www.eglise-senartdraveil.fr\/index.php\/non-classe\/nous-voici-dans-le-temps-de-noel\/\",\"url\":\"https:\/\/www.eglise-senartdraveil.fr\/index.php\/non-classe\/nous-voici-dans-le-temps-de-noel\/\",\"name\":\"Nous voici dans le temps de No\u00ebl - Secteur pastoral de Draveil - St-Jean-Paul II\",\"isPartOf\":{\"@id\":\"https:\/\/www.eglise-senartdraveil.fr\/#website\"},\"primaryImageOfPage\":{\"@id\":\"https:\/\/www.eglise-senartdraveil.fr\/index.php\/non-classe\/nous-voici-dans-le-temps-de-noel\/#primaryimage\"},\"image\":{\"@id\":\"https:\/\/www.eglise-senartdraveil.fr\/index.php\/non-classe\/nous-voici-dans-le-temps-de-noel\/#primaryimage\"},\"thumbnailUrl\":\"https:\/\/www.eglise-senartdraveil.fr\/wp-content\/uploads\/2020\/12\/image_2020-12-17_175709.png\",\"datePublished\":\"2020-12-17T16:57:45+00:00\",\"dateModified\":\"2020-12-17T16:59:10+00:00\",\"author\":{\"@id\":\"https:\/\/www.eglise-senartdraveil.fr\/#\/schema\/person\/5ee2b3d30d1f0ddd4696bbb56fea4717\"},\"breadcrumb\":{\"@id\":\"https:\/\/www.eglise-senartdraveil.fr\/index.php\/non-classe\/nous-voici-dans-le-temps-de-noel\/#breadcrumb\"},\"inLanguage\":\"fr-FR\",\"potentialAction\":[{\"@type\":\"ReadAction\",\"target\":[\"https:\/\/www.eglise-senartdraveil.fr\/index.php\/non-classe\/nous-voici-dans-le-temps-de-noel\/\"]}]},{\"@type\":\"ImageObject\",\"inLanguage\":\"fr-FR\",\"@id\":\"https:\/\/www.eglise-senartdraveil.fr\/index.php\/non-classe\/nous-voici-dans-le-temps-de-noel\/#primaryimage\",\"url\":\"https:\/\/www.eglise-senartdraveil.fr\/wp-content\/uploads\/2020\/12\/image_2020-12-17_175709.png\",\"contentUrl\":\"https:\/\/www.eglise-senartdraveil.fr\/wp-content\/uploads\/2020\/12\/image_2020-12-17_175709.png\",\"width\":2500,\"height\":2052},{\"@type\":\"BreadcrumbList\",\"@id\":\"https:\/\/www.eglise-senartdraveil.fr\/index.php\/non-classe\/nous-voici-dans-le-temps-de-noel\/#breadcrumb\",\"itemListElement\":[{\"@type\":\"ListItem\",\"position\":1,\"name\":\"Home\",\"item\":\"https:\/\/www.eglise-senartdraveil.fr\/\"},{\"@type\":\"ListItem\",\"position\":2,\"name\":\"Nous voici dans le temps de No\u00ebl\"}]},{\"@type\":\"WebSite\",\"@id\":\"https:\/\/www.eglise-senartdraveil.fr\/#website\",\"url\":\"https:\/\/www.eglise-senartdraveil.fr\/\",\"name\":\"Secteur pastoral de Draveil - St-Jean-Paul II\",\"description\":\"\",\"potentialAction\":[{\"@type\":\"SearchAction\",\"target\":{\"@type\":\"EntryPoint\",\"urlTemplate\":\"https:\/\/www.eglise-senartdraveil.fr\/?s={search_term_string}\"},\"query-input\":{\"@type\":\"PropertyValueSpecification\",\"valueRequired\":true,\"valueName\":\"search_term_string\"}}],\"inLanguage\":\"fr-FR\"},{\"@type\":\"Person\",\"@id\":\"https:\/\/www.eglise-senartdraveil.fr\/#\/schema\/person\/5ee2b3d30d1f0ddd4696bbb56fea4717\",\"name\":\"Franck Pillard\",\"image\":{\"@type\":\"ImageObject\",\"inLanguage\":\"fr-FR\",\"@id\":\"https:\/\/www.eglise-senartdraveil.fr\/#\/schema\/person\/image\/\",\"url\":\"https:\/\/secure.gravatar.com\/avatar\/4983424af451686be1d146147675830fcab9a9999d07e444a52f4a261483b4fb?s=96&d=mm&r=g\",\"contentUrl\":\"https:\/\/secure.gravatar.com\/avatar\/4983424af451686be1d146147675830fcab9a9999d07e444a52f4a261483b4fb?s=96&d=mm&r=g\",\"caption\":\"Franck Pillard\"},\"url\":\"https:\/\/www.eglise-senartdraveil.fr\/index.php\/author\/franck\/\"}]}<\/script>\n<!-- \/ Yoast SEO plugin. -->","yoast_head_json":{"title":"Nous voici dans le temps de No\u00ebl - Secteur pastoral de Draveil - St-Jean-Paul II","robots":{"index":"index","follow":"follow","max-snippet":"max-snippet:-1","max-image-preview":"max-image-preview:large","max-video-preview":"max-video-preview:-1"},"canonical":"https:\/\/www.eglise-senartdraveil.fr\/index.php\/non-classe\/nous-voici-dans-le-temps-de-noel\/","og_locale":"fr_FR","og_type":"article","og_title":"Nous voici dans le temps de No\u00ebl - Secteur pastoral de Draveil - St-Jean-Paul II","og_description":"Nos vies sont bouscul\u00e9es, chamboul\u00e9es mais NO\u00cbL est l\u00e0 pour nous rappeler que le Seigneur est venu habiter parmi nous.","og_url":"https:\/\/www.eglise-senartdraveil.fr\/index.php\/non-classe\/nous-voici-dans-le-temps-de-noel\/","og_site_name":"Secteur pastoral de Draveil - St-Jean-Paul II","article_published_time":"2020-12-17T16:57:45+00:00","article_modified_time":"2020-12-17T16:59:10+00:00","og_image":[{"width":1024,"height":840,"url":"https:\/\/www.eglise-senartdraveil.fr\/wp-content\/uploads\/2020\/12\/image_2020-12-17_175709-1024x840.png","type":"image\/png"}],"author":"Franck Pillard","twitter_card":"summary_large_image","twitter_misc":{"\u00c9crit par":"Franck Pillard","Dur\u00e9e de lecture estim\u00e9e":"2 minutes"},"schema":{"@context":"https:\/\/schema.org","@graph":[{"@type":"WebPage","@id":"https:\/\/www.eglise-senartdraveil.fr\/index.php\/non-classe\/nous-voici-dans-le-temps-de-noel\/","url":"https:\/\/www.eglise-senartdraveil.fr\/index.php\/non-classe\/nous-voici-dans-le-temps-de-noel\/","name":"Nous voici dans le temps de No\u00ebl - Secteur pastoral de Draveil - St-Jean-Paul II","isPartOf":{"@id":"https:\/\/www.eglise-senartdraveil.fr\/#website"},"primaryImageOfPage":{"@id":"https:\/\/www.eglise-senartdraveil.fr\/index.php\/non-classe\/nous-voici-dans-le-temps-de-noel\/#primaryimage"},"image":{"@id":"https:\/\/www.eglise-senartdraveil.fr\/index.php\/non-classe\/nous-voici-dans-le-temps-de-noel\/#primaryimage"},"thumbnailUrl":"https:\/\/www.eglise-senartdraveil.fr\/wp-content\/uploads\/2020\/12\/image_2020-12-17_175709.png","datePublished":"2020-12-17T16:57:45+00:00","dateModified":"2020-12-17T16:59:10+00:00","author":{"@id":"https:\/\/www.eglise-senartdraveil.fr\/#\/schema\/person\/5ee2b3d30d1f0ddd4696bbb56fea4717"},"breadcrumb":{"@id":"https:\/\/www.eglise-senartdraveil.fr\/index.php\/non-classe\/nous-voici-dans-le-temps-de-noel\/#breadcrumb"},"inLanguage":"fr-FR","potentialAction":[{"@type":"ReadAction","target":["https:\/\/www.eglise-senartdraveil.fr\/index.php\/non-classe\/nous-voici-dans-le-temps-de-noel\/"]}]},{"@type":"ImageObject","inLanguage":"fr-FR","@id":"https:\/\/www.eglise-senartdraveil.fr\/index.php\/non-classe\/nous-voici-dans-le-temps-de-noel\/#primaryimage","url":"https:\/\/www.eglise-senartdraveil.fr\/wp-content\/uploads\/2020\/12\/image_2020-12-17_175709.png","contentUrl":"https:\/\/www.eglise-senartdraveil.fr\/wp-content\/uploads\/2020\/12\/image_2020-12-17_175709.png","width":2500,"height":2052},{"@type":"BreadcrumbList","@id":"https:\/\/www.eglise-senartdraveil.fr\/index.php\/non-classe\/nous-voici-dans-le-temps-de-noel\/#breadcrumb","itemListElement":[{"@type":"ListItem","position":1,"name":"Home","item":"https:\/\/www.eglise-senartdraveil.fr\/"},{"@type":"ListItem","position":2,"name":"Nous voici dans le temps de No\u00ebl"}]},{"@type":"WebSite","@id":"https:\/\/www.eglise-senartdraveil.fr\/#website","url":"https:\/\/www.eglise-senartdraveil.fr\/","name":"Secteur pastoral de Draveil - St-Jean-Paul II","description":"","potentialAction":[{"@type":"SearchAction","target":{"@type":"EntryPoint","urlTemplate":"https:\/\/www.eglise-senartdraveil.fr\/?s={search_term_string}"},"query-input":{"@type":"PropertyValueSpecification","valueRequired":true,"valueName":"search_term_string"}}],"inLanguage":"fr-FR"},{"@type":"Person","@id":"https:\/\/www.eglise-senartdraveil.fr\/#\/schema\/person\/5ee2b3d30d1f0ddd4696bbb56fea4717","name":"Franck Pillard","image":{"@type":"ImageObject","inLanguage":"fr-FR","@id":"https:\/\/www.eglise-senartdraveil.fr\/#\/schema\/person\/image\/","url":"https:\/\/secure.gravatar.com\/avatar\/4983424af451686be1d146147675830fcab9a9999d07e444a52f4a261483b4fb?s=96&d=mm&r=g","contentUrl":"https:\/\/secure.gravatar.com\/avatar\/4983424af451686be1d146147675830fcab9a9999d07e444a52f4a261483b4fb?s=96&d=mm&r=g","caption":"Franck Pillard"},"url":"https:\/\/www.eglise-senartdraveil.fr\/index.php\/author\/franck\/"}]}},"views":2229,"_links":{"self":[{"href":"https:\/\/www.eglise-senartdraveil.fr\/index.php\/wp-json\/wp\/v2\/posts\/1297","targetHints":{"allow":["GET"]}}],"collection":[{"href":"https:\/\/www.eglise-senartdraveil.fr\/index.php\/wp-json\/wp\/v2\/posts"}],"about":[{"href":"https:\/\/www.eglise-senartdraveil.fr\/index.php\/wp-json\/wp\/v2\/types\/post"}],"author":[{"embeddable":true,"href":"https:\/\/www.eglise-senartdraveil.fr\/index.php\/wp-json\/wp\/v2\/users\/9"}],"replies":[{"embeddable":true,"href":"https:\/\/www.eglise-senartdraveil.fr\/index.php\/wp-json\/wp\/v2\/comments?post=1297"}],"version-history":[{"count":2,"href":"https:\/\/www.eglise-senartdraveil.fr\/index.php\/wp-json\/wp\/v2\/posts\/1297\/revisions"}],"predecessor-version":[{"id":1302,"href":"https:\/\/www.eglise-senartdraveil.fr\/index.php\/wp-json\/wp\/v2\/posts\/1297\/revisions\/1302"}],"wp:featuredmedia":[{"embeddable":true,"href":"https:\/\/www.eglise-senartdraveil.fr\/index.php\/wp-json\/wp\/v2\/media\/1298"}],"wp:attachment":[{"href":"https:\/\/www.eglise-senartdraveil.fr\/index.php\/wp-json\/wp\/v2\/media?parent=1297"}],"wp:term":[{"taxonomy":"category","embeddable":true,"href":"https:\/\/www.eglise-senartdraveil.fr\/index.php\/wp-json\/wp\/v2\/categories?post=1297"},{"taxonomy":"post_tag","embeddable":true,"href":"https:\/\/www.eglise-senartdraveil.fr\/index.php\/wp-json\/wp\/v2\/tags?post=1297"}],"curies":[{"name":"wp","href":"https:\/\/api.w.org\/{rel}","templated":true}]}}