{"id":1060,"date":"2020-10-31T23:27:23","date_gmt":"2020-10-31T22:27:23","guid":{"rendered":"https:\/\/www.eglise-senartdraveil.fr\/?p=1060"},"modified":"2020-10-31T23:27:23","modified_gmt":"2020-10-31T22:27:23","slug":"toussaint","status":"publish","type":"post","link":"https:\/\/www.eglise-senartdraveil.fr\/index.php\/editoriaux\/toussaint\/","title":{"rendered":"Toussaint"},"content":{"rendered":"\n<p><strong><em>\u00ab&nbsp;<\/em><\/strong><em>Mes bien-aim\u00e9s, voyez comme il est grand, l\u2019amour dont le P\u00e8re nous a combl\u00e9&nbsp;!<strong>&nbsp;\u00bb<\/strong><\/em>, nous invite St Jean, dans sa contemplation du projet de Dieu pour l\u2019humanit\u00e9. Par la foi, sachons contempler la f\u00e9licit\u00e9 et le bonheur de nos fr\u00e8res d\u00e9j\u00e0 parvenus en cette Cit\u00e9 C\u00e9leste, d\u00e9j\u00e0 rassembl\u00e9s dans le Sein de Dieu et qui chantent sans fin&nbsp;: \u00ab&nbsp;<em>Salut, puissance, honneur et louange \u00e0 notre Dieu, all\u00e9luia, all\u00e9luia&nbsp;!<\/em>&nbsp;\u00bb<\/p>\n\n\n\n<p>Ravi en extase, l\u2019auteur de la 1<sup>\u00e8re<\/sup> \u00e9p\u00eetre de St Jean a le bonheur de voir cette foule immense que nul peut d\u00e9nombrer, une foule de gens venant de toutes nations, races, peuples et langues, une foule venant de tous les horizons de la terre&nbsp;et partageant avec les \u00e9lus des 12 tribus d\u2019Isra\u00ebl la Joie, la Paix et la B\u00e9atitude promises par Dieu aux \u00e2mes de bonne volont\u00e9.<\/p>\n\n\n\n<p>Cette foule immense, ce sont les croyants de la Premi\u00e8re Alliance, ceux qui sont rest\u00e9s fid\u00e8lement attach\u00e9s \u00e0 la Loi que Dieu leur avait donn\u00e9e, ceux qui ont v\u00e9cu cette fid\u00e9lit\u00e9 au prix de mille sacrifices, et parfois au prix de leur vie. Cette foule immense, ce sont les croyants de la Nouvelle Alliance, les chr\u00e9tiens de toutes les contr\u00e9es du monde, tous ceux qui ont v\u00e9cu simplement et fid\u00e8lement leur foi au milieu d\u2019un monde hostile et incroyant.<\/p>\n\n\n\n<p>Cette foule immense que nous c\u00e9l\u00e9brons aujourd\u2019hui, ce sont certes les \u00ab&nbsp;saints&nbsp;\u00bb dont les noms sont inscrits au calendrier liturgique, mais ce sont surtout tous ces anonymes qui ont pris le risque de se compromettre pour que triomphent le droit et la justice, la v\u00e9rit\u00e9 et la vie. Ces saints anonymes, venant de tout pays et de toute religion, ou sans aucune&nbsp; religion, qui ont cru \u00e0 l\u2019amour et qui ont accept\u00e9 de prendre le risque de la bont\u00e9 et du partage dans le monde qu\u2019ils ont connu, voil\u00e0 ceux que nous c\u00e9l\u00e9brons \u00e0 la f\u00eate de la Toussaint. Heureux sommes-nous d\u2019\u00eatre entour\u00e9s d\u2019une telle nu\u00e9e de saints&nbsp;! Que l\u2019Esprit Saint suscite aujourd\u2019hui encore, en ces temps de crise sanitaire mondiale, des t\u00e9moins de l\u2019amour&nbsp;!<\/p>\n\n\n\n<p>P. Jean-Blaise MENSAH<\/p>\n","protected":false},"excerpt":{"rendered":"<p>\u00ab&nbsp;Mes bien-aim\u00e9s, voyez comme il est grand, l\u2019amour dont le P\u00e8re nous a combl\u00e9&nbsp;!&nbsp;\u00bb, nous invite St Jean, dans sa<\/p>\n","protected":false},"author":8,"featured_media":373,"comment_status":"closed","ping_status":"open","sticky":false,"template":"","format":"standard","meta":{"footnotes":""},"categories":[9],"tags":[],"class_list":["post-1060","post","type-post","status-publish","format-standard","has-post-thumbnail","hentry","category-editoriaux"],"yoast_head":"<!-- This site is optimized with the Yoast SEO plugin v25.8 - https:\/\/yoast.com\/wordpress\/plugins\/seo\/ -->\n<title>Toussaint - Secteur pastoral de Draveil - St-Jean-Paul II<\/title>\n<meta name=\"robots\" content=\"index, follow, max-snippet:-1, max-image-preview:large, max-video-preview:-1\" \/>\n<link rel=\"canonical\" href=\"https:\/\/www.eglise-senartdraveil.fr\/index.php\/editoriaux\/toussaint\/\" \/>\n<meta property=\"og:locale\" content=\"fr_FR\" \/>\n<meta property=\"og:type\" content=\"article\" \/>\n<meta property=\"og:title\" content=\"Toussaint - Secteur pastoral de Draveil - St-Jean-Paul II\" \/>\n<meta property=\"og:description\" content=\"\u00ab&nbsp;Mes bien-aim\u00e9s, voyez comme il est grand, l\u2019amour dont le P\u00e8re nous a combl\u00e9&nbsp;!&nbsp;\u00bb, nous invite St Jean, dans sa\" \/>\n<meta property=\"og:url\" content=\"https:\/\/www.eglise-senartdraveil.fr\/index.php\/editoriaux\/toussaint\/\" \/>\n<meta property=\"og:site_name\" content=\"Secteur pastoral de Draveil - St-Jean-Paul II\" \/>\n<meta property=\"article:published_time\" content=\"2020-10-31T22:27:23+00:00\" \/>\n<meta property=\"og:image\" content=\"https:\/\/www.eglise-senartdraveil.fr\/wp-content\/uploads\/2020\/06\/holy-spirit-2424282_1920.jpg\" \/>\n\t<meta property=\"og:image:width\" content=\"1920\" \/>\n\t<meta property=\"og:image:height\" content=\"1278\" \/>\n\t<meta property=\"og:image:type\" content=\"image\/jpeg\" \/>\n<meta name=\"author\" content=\"Jean-Blaise Mensah\" \/>\n<meta name=\"twitter:card\" content=\"summary_large_image\" \/>\n<meta name=\"twitter:label1\" content=\"\u00c9crit par\" \/>\n\t<meta name=\"twitter:data1\" content=\"Jean-Blaise Mensah\" \/>\n\t<meta name=\"twitter:label2\" content=\"Dur\u00e9e de lecture estim\u00e9e\" \/>\n\t<meta name=\"twitter:data2\" content=\"2 minutes\" \/>\n<script type=\"application\/ld+json\" class=\"yoast-schema-graph\">{\"@context\":\"https:\/\/schema.org\",\"@graph\":[{\"@type\":\"WebPage\",\"@id\":\"https:\/\/www.eglise-senartdraveil.fr\/index.php\/editoriaux\/toussaint\/\",\"url\":\"https:\/\/www.eglise-senartdraveil.fr\/index.php\/editoriaux\/toussaint\/\",\"name\":\"Toussaint - Secteur pastoral de Draveil - St-Jean-Paul II\",\"isPartOf\":{\"@id\":\"https:\/\/www.eglise-senartdraveil.fr\/#website\"},\"primaryImageOfPage\":{\"@id\":\"https:\/\/www.eglise-senartdraveil.fr\/index.php\/editoriaux\/toussaint\/#primaryimage\"},\"image\":{\"@id\":\"https:\/\/www.eglise-senartdraveil.fr\/index.php\/editoriaux\/toussaint\/#primaryimage\"},\"thumbnailUrl\":\"https:\/\/www.eglise-senartdraveil.fr\/wp-content\/uploads\/2020\/06\/holy-spirit-2424282_1920.jpg\",\"datePublished\":\"2020-10-31T22:27:23+00:00\",\"author\":{\"@id\":\"https:\/\/www.eglise-senartdraveil.fr\/#\/schema\/person\/ba31c8d3e60031ca1a178c8c46bee5df\"},\"breadcrumb\":{\"@id\":\"https:\/\/www.eglise-senartdraveil.fr\/index.php\/editoriaux\/toussaint\/#breadcrumb\"},\"inLanguage\":\"fr-FR\",\"potentialAction\":[{\"@type\":\"ReadAction\",\"target\":[\"https:\/\/www.eglise-senartdraveil.fr\/index.php\/editoriaux\/toussaint\/\"]}]},{\"@type\":\"ImageObject\",\"inLanguage\":\"fr-FR\",\"@id\":\"https:\/\/www.eglise-senartdraveil.fr\/index.php\/editoriaux\/toussaint\/#primaryimage\",\"url\":\"https:\/\/www.eglise-senartdraveil.fr\/wp-content\/uploads\/2020\/06\/holy-spirit-2424282_1920.jpg\",\"contentUrl\":\"https:\/\/www.eglise-senartdraveil.fr\/wp-content\/uploads\/2020\/06\/holy-spirit-2424282_1920.jpg\",\"width\":1920,\"height\":1278},{\"@type\":\"BreadcrumbList\",\"@id\":\"https:\/\/www.eglise-senartdraveil.fr\/index.php\/editoriaux\/toussaint\/#breadcrumb\",\"itemListElement\":[{\"@type\":\"ListItem\",\"position\":1,\"name\":\"Home\",\"item\":\"https:\/\/www.eglise-senartdraveil.fr\/\"},{\"@type\":\"ListItem\",\"position\":2,\"name\":\"Toussaint\"}]},{\"@type\":\"WebSite\",\"@id\":\"https:\/\/www.eglise-senartdraveil.fr\/#website\",\"url\":\"https:\/\/www.eglise-senartdraveil.fr\/\",\"name\":\"Secteur pastoral de Draveil - St-Jean-Paul II\",\"description\":\"\",\"potentialAction\":[{\"@type\":\"SearchAction\",\"target\":{\"@type\":\"EntryPoint\",\"urlTemplate\":\"https:\/\/www.eglise-senartdraveil.fr\/?s={search_term_string}\"},\"query-input\":{\"@type\":\"PropertyValueSpecification\",\"valueRequired\":true,\"valueName\":\"search_term_string\"}}],\"inLanguage\":\"fr-FR\"},{\"@type\":\"Person\",\"@id\":\"https:\/\/www.eglise-senartdraveil.fr\/#\/schema\/person\/ba31c8d3e60031ca1a178c8c46bee5df\",\"name\":\"Jean-Blaise Mensah\",\"image\":{\"@type\":\"ImageObject\",\"inLanguage\":\"fr-FR\",\"@id\":\"https:\/\/www.eglise-senartdraveil.fr\/#\/schema\/person\/image\/\",\"url\":\"https:\/\/secure.gravatar.com\/avatar\/c7293fede798702c0c14784b7a3b5c4a312f39648a24521c745038c164d10032?s=96&d=mm&r=g\",\"contentUrl\":\"https:\/\/secure.gravatar.com\/avatar\/c7293fede798702c0c14784b7a3b5c4a312f39648a24521c745038c164d10032?s=96&d=mm&r=g\",\"caption\":\"Jean-Blaise Mensah\"},\"url\":\"https:\/\/www.eglise-senartdraveil.fr\/index.php\/author\/jeanblaise\/\"}]}<\/script>\n<!-- \/ Yoast SEO plugin. -->","yoast_head_json":{"title":"Toussaint - Secteur pastoral de Draveil - St-Jean-Paul II","robots":{"index":"index","follow":"follow","max-snippet":"max-snippet:-1","max-image-preview":"max-image-preview:large","max-video-preview":"max-video-preview:-1"},"canonical":"https:\/\/www.eglise-senartdraveil.fr\/index.php\/editoriaux\/toussaint\/","og_locale":"fr_FR","og_type":"article","og_title":"Toussaint - Secteur pastoral de Draveil - St-Jean-Paul II","og_description":"\u00ab&nbsp;Mes bien-aim\u00e9s, voyez comme il est grand, l\u2019amour dont le P\u00e8re nous a combl\u00e9&nbsp;!&nbsp;\u00bb, nous invite St Jean, dans sa","og_url":"https:\/\/www.eglise-senartdraveil.fr\/index.php\/editoriaux\/toussaint\/","og_site_name":"Secteur pastoral de Draveil - St-Jean-Paul II","article_published_time":"2020-10-31T22:27:23+00:00","og_image":[{"width":1920,"height":1278,"url":"https:\/\/www.eglise-senartdraveil.fr\/wp-content\/uploads\/2020\/06\/holy-spirit-2424282_1920.jpg","type":"image\/jpeg"}],"author":"Jean-Blaise Mensah","twitter_card":"summary_large_image","twitter_misc":{"\u00c9crit par":"Jean-Blaise Mensah","Dur\u00e9e de lecture estim\u00e9e":"2 minutes"},"schema":{"@context":"https:\/\/schema.org","@graph":[{"@type":"WebPage","@id":"https:\/\/www.eglise-senartdraveil.fr\/index.php\/editoriaux\/toussaint\/","url":"https:\/\/www.eglise-senartdraveil.fr\/index.php\/editoriaux\/toussaint\/","name":"Toussaint - Secteur pastoral de Draveil - St-Jean-Paul II","isPartOf":{"@id":"https:\/\/www.eglise-senartdraveil.fr\/#website"},"primaryImageOfPage":{"@id":"https:\/\/www.eglise-senartdraveil.fr\/index.php\/editoriaux\/toussaint\/#primaryimage"},"image":{"@id":"https:\/\/www.eglise-senartdraveil.fr\/index.php\/editoriaux\/toussaint\/#primaryimage"},"thumbnailUrl":"https:\/\/www.eglise-senartdraveil.fr\/wp-content\/uploads\/2020\/06\/holy-spirit-2424282_1920.jpg","datePublished":"2020-10-31T22:27:23+00:00","author":{"@id":"https:\/\/www.eglise-senartdraveil.fr\/#\/schema\/person\/ba31c8d3e60031ca1a178c8c46bee5df"},"breadcrumb":{"@id":"https:\/\/www.eglise-senartdraveil.fr\/index.php\/editoriaux\/toussaint\/#breadcrumb"},"inLanguage":"fr-FR","potentialAction":[{"@type":"ReadAction","target":["https:\/\/www.eglise-senartdraveil.fr\/index.php\/editoriaux\/toussaint\/"]}]},{"@type":"ImageObject","inLanguage":"fr-FR","@id":"https:\/\/www.eglise-senartdraveil.fr\/index.php\/editoriaux\/toussaint\/#primaryimage","url":"https:\/\/www.eglise-senartdraveil.fr\/wp-content\/uploads\/2020\/06\/holy-spirit-2424282_1920.jpg","contentUrl":"https:\/\/www.eglise-senartdraveil.fr\/wp-content\/uploads\/2020\/06\/holy-spirit-2424282_1920.jpg","width":1920,"height":1278},{"@type":"BreadcrumbList","@id":"https:\/\/www.eglise-senartdraveil.fr\/index.php\/editoriaux\/toussaint\/#breadcrumb","itemListElement":[{"@type":"ListItem","position":1,"name":"Home","item":"https:\/\/www.eglise-senartdraveil.fr\/"},{"@type":"ListItem","position":2,"name":"Toussaint"}]},{"@type":"WebSite","@id":"https:\/\/www.eglise-senartdraveil.fr\/#website","url":"https:\/\/www.eglise-senartdraveil.fr\/","name":"Secteur pastoral de Draveil - St-Jean-Paul II","description":"","potentialAction":[{"@type":"SearchAction","target":{"@type":"EntryPoint","urlTemplate":"https:\/\/www.eglise-senartdraveil.fr\/?s={search_term_string}"},"query-input":{"@type":"PropertyValueSpecification","valueRequired":true,"valueName":"search_term_string"}}],"inLanguage":"fr-FR"},{"@type":"Person","@id":"https:\/\/www.eglise-senartdraveil.fr\/#\/schema\/person\/ba31c8d3e60031ca1a178c8c46bee5df","name":"Jean-Blaise Mensah","image":{"@type":"ImageObject","inLanguage":"fr-FR","@id":"https:\/\/www.eglise-senartdraveil.fr\/#\/schema\/person\/image\/","url":"https:\/\/secure.gravatar.com\/avatar\/c7293fede798702c0c14784b7a3b5c4a312f39648a24521c745038c164d10032?s=96&d=mm&r=g","contentUrl":"https:\/\/secure.gravatar.com\/avatar\/c7293fede798702c0c14784b7a3b5c4a312f39648a24521c745038c164d10032?s=96&d=mm&r=g","caption":"Jean-Blaise Mensah"},"url":"https:\/\/www.eglise-senartdraveil.fr\/index.php\/author\/jeanblaise\/"}]}},"views":1192,"_links":{"self":[{"href":"https:\/\/www.eglise-senartdraveil.fr\/index.php\/wp-json\/wp\/v2\/posts\/1060","targetHints":{"allow":["GET"]}}],"collection":[{"href":"https:\/\/www.eglise-senartdraveil.fr\/index.php\/wp-json\/wp\/v2\/posts"}],"about":[{"href":"https:\/\/www.eglise-senartdraveil.fr\/index.php\/wp-json\/wp\/v2\/types\/post"}],"author":[{"embeddable":true,"href":"https:\/\/www.eglise-senartdraveil.fr\/index.php\/wp-json\/wp\/v2\/users\/8"}],"replies":[{"embeddable":true,"href":"https:\/\/www.eglise-senartdraveil.fr\/index.php\/wp-json\/wp\/v2\/comments?post=1060"}],"version-history":[{"count":1,"href":"https:\/\/www.eglise-senartdraveil.fr\/index.php\/wp-json\/wp\/v2\/posts\/1060\/revisions"}],"predecessor-version":[{"id":1061,"href":"https:\/\/www.eglise-senartdraveil.fr\/index.php\/wp-json\/wp\/v2\/posts\/1060\/revisions\/1061"}],"wp:featuredmedia":[{"embeddable":true,"href":"https:\/\/www.eglise-senartdraveil.fr\/index.php\/wp-json\/wp\/v2\/media\/373"}],"wp:attachment":[{"href":"https:\/\/www.eglise-senartdraveil.fr\/index.php\/wp-json\/wp\/v2\/media?parent=1060"}],"wp:term":[{"taxonomy":"category","embeddable":true,"href":"https:\/\/www.eglise-senartdraveil.fr\/index.php\/wp-json\/wp\/v2\/categories?post=1060"},{"taxonomy":"post_tag","embeddable":true,"href":"https:\/\/www.eglise-senartdraveil.fr\/index.php\/wp-json\/wp\/v2\/tags?post=1060"}],"curies":[{"name":"wp","href":"https:\/\/api.w.org\/{rel}","templated":true}]}}